{"id":13094,"date":"2022-12-23T08:00:01","date_gmt":"2022-12-23T08:00:01","guid":{"rendered":"https:\/\/www.lodelmomentoloja.com\/?p=13094"},"modified":"2022-12-23T14:03:40","modified_gmt":"2022-12-23T14:03:40","slug":"militar-fue-condenado-a-prision-por-delito-de-violacion","status":"publish","type":"post","link":"https:\/\/www.lodelmomentoloja.com\/?p=13094","title":{"rendered":"Militar fue condenado a prisi\u00f3n por delito de violaci\u00f3n"},"content":{"rendered":"<p dir=\"ltr\">Vinicio R., militar en servicio activo, fue condenado este jueves 22 de diciembre por un Tribunal Penal a 29 a\u00f1os y 4 meses de c\u00e1rcel por el delito de violaci\u00f3n a una mujer dentro del recinto castrense Paquisha 15, ubicado en la parroquia de Amagua\u00f1a, en el suroriente de Quito.<\/p>\n<p dir=\"ltr\">En el informe de la Fiscal\u00eda se detall\u00f3 que las lesiones en las partes \u00edntimas de la mujer \u2013producto de una violaci\u00f3n\u2013 fueron tan graves que se evidenciaban incluso 27 d\u00edas despu\u00e9s de la agresi\u00f3n sexual de la que fue objeto el pasado el 26 de noviembre de 2017.<\/p>\n<p dir=\"ltr\">La fiscal especializada en Violencia de G\u00e9nero, Silvana Garrido Pazmi\u00f1o, reuni\u00f3 las pruebas para demostrar durante el juicio que el entonces capit\u00e1n del Ej\u00e9rcito \u2013ascendido hace meses al grado de mayor\u2013 fue el responsable de la violenta agresi\u00f3n registrada en una de las habitaciones de ese cuartel.<\/p>\n<p dir=\"ltr\">www.lodelmomentoloja.com<br \/>\n#LDMnoticias #lodelmomentolojaLDM<\/p>\n","protected":false},"excerpt":{"rendered":"<p>Vinicio R., militar en servicio activo, fue condenado este jueves 22 de diciembre por un&#8230;<\/p>\n","protected":false},"author":1,"featured_media":13095,"comment_status":"open","ping_status":"open","sticky":false,"template":"","format":"standard","meta":{"footnotes":""},"categories":[7,1],"tags":[],"class_list":["post-13094","post","type-post","status-publish","format-standard","has-post-thumbnail","hentry","category-ecuador","category-inicio"],"_links":{"self":[{"href":"https:\/\/www.lodelmomentoloja.com\/index.php?rest_route=\/wp\/v2\/posts\/13094"}],"collection":[{"href":"https:\/\/www.lodelmomentoloja.com\/index.php?rest_route=\/wp\/v2\/posts"}],"about":[{"href":"https:\/\/www.lodelmomentoloja.com\/index.php?rest_route=\/wp\/v2\/types\/post"}],"author":[{"embeddable":true,"href":"https:\/\/www.lodelmomentoloja.com\/index.php?rest_route=\/wp\/v2\/users\/1"}],"replies":[{"embeddable":true,"href":"https:\/\/www.lodelmomentoloja.com\/index.php?rest_route=%2Fwp%2Fv2%2Fcomments&post=13094"}],"version-history":[{"count":1,"href":"https:\/\/www.lodelmomentoloja.com\/index.php?rest_route=\/wp\/v2\/posts\/13094\/revisions"}],"predecessor-version":[{"id":13096,"href":"https:\/\/www.lodelmomentoloja.com\/index.php?rest_route=\/wp\/v2\/posts\/13094\/revisions\/13096"}],"wp:featuredmedia":[{"embeddable":true,"href":"https:\/\/www.lodelmomentoloja.com\/index.php?rest_route=\/wp\/v2\/media\/13095"}],"wp:attachment":[{"href":"https:\/\/www.lodelmomentoloja.com\/index.php?rest_route=%2Fwp%2Fv2%2Fmedia&parent=13094"}],"wp:term":[{"taxonomy":"category","embeddable":true,"href":"https:\/\/www.lodelmomentoloja.com\/index.php?rest_route=%2Fwp%2Fv2%2Fcategories&post=13094"},{"taxonomy":"post_tag","embeddable":true,"href":"https:\/\/www.lodelmomentoloja.com\/index.php?rest_route=%2Fwp%2Fv2%2Ftags&post=13094"}],"curies":[{"name":"wp","href":"https:\/\/api.w.org\/{rel}","templated":true}]}}