{"id":13076,"date":"2022-12-22T09:33:21","date_gmt":"2022-12-22T09:33:21","guid":{"rendered":"https:\/\/www.lodelmomentoloja.com\/?p=13076"},"modified":"2022-12-22T14:49:38","modified_gmt":"2022-12-22T14:49:38","slug":"vehiculos-sin-placa-no-podran-circular-en-ecuador","status":"publish","type":"post","link":"https:\/\/www.lodelmomentoloja.com\/?p=13076","title":{"rendered":"Veh\u00edculos sin placa, no podr\u00e1n circular en Ecuador"},"content":{"rendered":"<p>La Comisi\u00f3n de Tr\u00e1nsito del Ecuador iniciar\u00e1 operativos en siete provincias del pa\u00eds para evitar la circulaci\u00f3n de carros sin placas.<\/p>\n<p>El C\u00f3digo Org\u00e1nico Integral Penal (COIP) establece una sanci\u00f3n del 30% del Salario B\u00e1sico Unificado (USD 425) para quien conduzca un veh\u00edculo sin placa.<\/p>\n<p>Solo en Guayaquil se calcula que hay 10.000 veh\u00edculos sin placas, porque sus due\u00f1os no las han retirado, y las autoridades alertan que muchos delincuentes los prefieren as\u00ed para realizar sus fechor\u00edas.<\/p>\n<p>Por eso una ordenanza municipal estableci\u00f3 en Guayaquil una sanci\u00f3n m\u00e1s severa que en el resto del pa\u00eds: multa del 100% del salario b\u00e1sico y retenci\u00f3n del veh\u00edculo por siete d\u00edas, dice Luis Lalama, jefe operativo de la Agencia de Tr\u00e1nsito Municipal (ATM).<\/p>\n<p>Lalama confirma adem\u00e1s que los veh\u00edculos que tengan los certificados provisionales de papel tambi\u00e9n ser\u00e1n sancionados.<\/p>\n<p>Y recalca que luego de estos d\u00edas de advertencia, las sanciones arrancar\u00e1n desde este viernes.<\/p>\n<p>Adem\u00e1s de recibir la multa, los carros sin placas no podr\u00e1n salir de la ciudad ahora que se avecinan los feriados por Navidad y Fin de A\u00f1o.<\/p>\n<p>La autoridad de tr\u00e1nsito asegura que para los operativos pedir\u00e1 colaboraci\u00f3n a la Polic\u00eda Nacional pues se han encontrado muchos casos en los que los delincuentes circulan en carros sin placas para no ser identificados.<\/p>\n<p>Mientras tanto, Ernesto Varas, director ejecutivo de la Agencia Nacional de Tr\u00e1nsito (ANT) dice que a escala nacional no hay excusa para que un carro circule sin las placas met\u00e1licas, pues el 100% de las placas ya han sido entregadas<\/p>\n<p>V\u00eda: Radio Din\u00e1mica<\/p>\n<p>#LDMnoticias #lodelmomentolojaLDM<\/p>\n","protected":false},"excerpt":{"rendered":"<p>La Comisi\u00f3n de Tr\u00e1nsito del Ecuador iniciar\u00e1 operativos en siete provincias del pa\u00eds para evitar&#8230;<\/p>\n","protected":false},"author":1,"featured_media":13077,"comment_status":"open","ping_status":"open","sticky":false,"template":"","format":"standard","meta":{"footnotes":""},"categories":[7,1],"tags":[],"class_list":["post-13076","post","type-post","status-publish","format-standard","has-post-thumbnail","hentry","category-ecuador","category-inicio"],"_links":{"self":[{"href":"https:\/\/www.lodelmomentoloja.com\/index.php?rest_route=\/wp\/v2\/posts\/13076"}],"collection":[{"href":"https:\/\/www.lodelmomentoloja.com\/index.php?rest_route=\/wp\/v2\/posts"}],"about":[{"href":"https:\/\/www.lodelmomentoloja.com\/index.php?rest_route=\/wp\/v2\/types\/post"}],"author":[{"embeddable":true,"href":"https:\/\/www.lodelmomentoloja.com\/index.php?rest_route=\/wp\/v2\/users\/1"}],"replies":[{"embeddable":true,"href":"https:\/\/www.lodelmomentoloja.com\/index.php?rest_route=%2Fwp%2Fv2%2Fcomments&post=13076"}],"version-history":[{"count":1,"href":"https:\/\/www.lodelmomentoloja.com\/index.php?rest_route=\/wp\/v2\/posts\/13076\/revisions"}],"predecessor-version":[{"id":13078,"href":"https:\/\/www.lodelmomentoloja.com\/index.php?rest_route=\/wp\/v2\/posts\/13076\/revisions\/13078"}],"wp:featuredmedia":[{"embeddable":true,"href":"https:\/\/www.lodelmomentoloja.com\/index.php?rest_route=\/wp\/v2\/media\/13077"}],"wp:attachment":[{"href":"https:\/\/www.lodelmomentoloja.com\/index.php?rest_route=%2Fwp%2Fv2%2Fmedia&parent=13076"}],"wp:term":[{"taxonomy":"category","embeddable":true,"href":"https:\/\/www.lodelmomentoloja.com\/index.php?rest_route=%2Fwp%2Fv2%2Fcategories&post=13076"},{"taxonomy":"post_tag","embeddable":true,"href":"https:\/\/www.lodelmomentoloja.com\/index.php?rest_route=%2Fwp%2Fv2%2Ftags&post=13076"}],"curies":[{"name":"wp","href":"https:\/\/api.w.org\/{rel}","templated":true}]}}