{"id":13073,"date":"2022-12-21T16:24:59","date_gmt":"2022-12-21T16:24:59","guid":{"rendered":"https:\/\/www.lodelmomentoloja.com\/?p=13073"},"modified":"2022-12-21T21:26:48","modified_gmt":"2022-12-21T21:26:48","slug":"hallazgo-historico-de-especimen-en-galapagos","status":"publish","type":"post","link":"https:\/\/www.lodelmomentoloja.com\/?p=13073","title":{"rendered":"Hallazgo hist\u00f3rico de esp\u00e9cimen en Gal\u00e1pagos"},"content":{"rendered":"<p>Las autoridades ambientales de Ecuador identificaron en las islas Gal\u00e1pagos cr\u00edas de iguana rosada, una especie en peligro de extinci\u00f3n, lo que ha despertado la esperanza sobre su conservaci\u00f3n.<\/p>\n<p>La iguana rosada, cuyo nombre cient\u00edfico es Conolophus marthae, es una especie end\u00e9mica que habita \u00fanicamente en el volc\u00e1n Wolf de la Isla Isabela, la m\u00e1s grade de las Gal\u00e1pagos, y est\u00e1 considerada en &#8220;peligro cr\u00edtico de extinci\u00f3n\u201d debido a que existen \u00fanicamente 200 ejemplares.<\/p>\n<p>\u201cBuenas noticias para nuestro pa\u00eds\u201d, escribi\u00f3 el martes el ministro de Ambiente, Gustavo Manrique, en Twitter y a\u00f1adi\u00f3 que tras a\u00f1os de investigaci\u00f3n se hallaron por primera vez \u201cneonatos y juveniles\u201d de la iguana rosada.<\/p>\n<p>El hallazgo fue calificado de \u201chist\u00f3rico\u201d por el director del Parque Nacional Gal\u00e1pagos, Danny Rueda, quien en un video difundido en la misma red social inform\u00f3 que se estableci\u00f3 un punto de control, monitoreo e investigaci\u00f3n que permitir\u00e1 ampliar el conocimiento y tomar decisiones para salvaguardar la biodiversidad y el ecosistema del volc\u00e1n Wolf, donde se asientan varias especies emblem\u00e1ticas.<\/p>\n<p>No se especific\u00f3 el n\u00famero de cr\u00edas localizadas pero su ubicaci\u00f3n constituye \u201cun hito para la conservaci\u00f3n\u201d, dijo.<\/p>\n<p>Fuente: Radio Din\u00e1mica<\/p>\n<p>#LDMnoticias #lodelmomentolojaLDM<\/p>\n","protected":false},"excerpt":{"rendered":"<p>Las autoridades ambientales de Ecuador identificaron en las islas Gal\u00e1pagos cr\u00edas de iguana rosada, una&#8230;<\/p>\n","protected":false},"author":1,"featured_media":13074,"comment_status":"open","ping_status":"open","sticky":false,"template":"","format":"standard","meta":{"footnotes":""},"categories":[7,1,4],"tags":[],"class_list":["post-13073","post","type-post","status-publish","format-standard","has-post-thumbnail","hentry","category-ecuador","category-inicio","category-internacional"],"_links":{"self":[{"href":"https:\/\/www.lodelmomentoloja.com\/index.php?rest_route=\/wp\/v2\/posts\/13073"}],"collection":[{"href":"https:\/\/www.lodelmomentoloja.com\/index.php?rest_route=\/wp\/v2\/posts"}],"about":[{"href":"https:\/\/www.lodelmomentoloja.com\/index.php?rest_route=\/wp\/v2\/types\/post"}],"author":[{"embeddable":true,"href":"https:\/\/www.lodelmomentoloja.com\/index.php?rest_route=\/wp\/v2\/users\/1"}],"replies":[{"embeddable":true,"href":"https:\/\/www.lodelmomentoloja.com\/index.php?rest_route=%2Fwp%2Fv2%2Fcomments&post=13073"}],"version-history":[{"count":1,"href":"https:\/\/www.lodelmomentoloja.com\/index.php?rest_route=\/wp\/v2\/posts\/13073\/revisions"}],"predecessor-version":[{"id":13075,"href":"https:\/\/www.lodelmomentoloja.com\/index.php?rest_route=\/wp\/v2\/posts\/13073\/revisions\/13075"}],"wp:featuredmedia":[{"embeddable":true,"href":"https:\/\/www.lodelmomentoloja.com\/index.php?rest_route=\/wp\/v2\/media\/13074"}],"wp:attachment":[{"href":"https:\/\/www.lodelmomentoloja.com\/index.php?rest_route=%2Fwp%2Fv2%2Fmedia&parent=13073"}],"wp:term":[{"taxonomy":"category","embeddable":true,"href":"https:\/\/www.lodelmomentoloja.com\/index.php?rest_route=%2Fwp%2Fv2%2Fcategories&post=13073"},{"taxonomy":"post_tag","embeddable":true,"href":"https:\/\/www.lodelmomentoloja.com\/index.php?rest_route=%2Fwp%2Fv2%2Ftags&post=13073"}],"curies":[{"name":"wp","href":"https:\/\/api.w.org\/{rel}","templated":true}]}}