{"id":1307,"date":"2020-12-17T14:00:28","date_gmt":"2020-12-17T14:00:28","guid":{"rendered":"http:\/\/www.lodelmomentoloja.com\/?p=1307"},"modified":"2020-12-17T19:02:33","modified_gmt":"2020-12-17T19:02:33","slug":"ecuador-vs-brasil-en-la-ufc","status":"publish","type":"post","link":"https:\/\/www.lodelmomentoloja.com\/?p=1307","title":{"rendered":"Ecuador vs Brasil en la UFC."},"content":{"rendered":"\n<p>#Internacional | La UFC negoci\u00f3 desde octubre para tener la pelea entre el ecuatoriano Marlon \u2018Chito\u2019 Vera y el brasile\u00f1o Jos\u00e9 Aldo.<\/p>\n\n\n\n<p><br>Marlon \u2018Chito\u2019 Vera cerrar\u00e1 un gran a\u00f1o en la mayor empresa de artes marciales mixtas del mundo con uno de los rivales m\u00e1s duros y experimentados en su categor\u00eda (peso gallo, 135 libras). Esta es la pelea m\u00e1s importante del ecuatoriano en su carrera profesional.<br><\/p>\n\n\n\n<p>Este combate podr\u00eda definir el futuro de ambos peleadores en la categor\u00eda. Si \u2018Chito\u2019 Vera vence a Jos\u00e9 Aldo por cualquier v\u00eda, entrar\u00e1 en el top 10 del peso gallo y el brasile\u00f1o podr\u00eda salir de los primeros 10 lugares de la divisi\u00f3n.<\/p>\n","protected":false},"excerpt":{"rendered":"<p>#Internacional | La UFC negoci\u00f3 desde octubre para tener la pelea entre el ecuatoriano Marlon&#8230;<\/p>\n","protected":false},"author":1,"featured_media":1308,"comment_status":"open","ping_status":"open","sticky":false,"template":"","format":"standard","meta":{"footnotes":""},"categories":[1],"tags":[],"class_list":["post-1307","post","type-post","status-publish","format-standard","has-post-thumbnail","hentry","category-inicio"],"_links":{"self":[{"href":"https:\/\/www.lodelmomentoloja.com\/index.php?rest_route=\/wp\/v2\/posts\/1307"}],"collection":[{"href":"https:\/\/www.lodelmomentoloja.com\/index.php?rest_route=\/wp\/v2\/posts"}],"about":[{"href":"https:\/\/www.lodelmomentoloja.com\/index.php?rest_route=\/wp\/v2\/types\/post"}],"author":[{"embeddable":true,"href":"https:\/\/www.lodelmomentoloja.com\/index.php?rest_route=\/wp\/v2\/users\/1"}],"replies":[{"embeddable":true,"href":"https:\/\/www.lodelmomentoloja.com\/index.php?rest_route=%2Fwp%2Fv2%2Fcomments&post=1307"}],"version-history":[{"count":1,"href":"https:\/\/www.lodelmomentoloja.com\/index.php?rest_route=\/wp\/v2\/posts\/1307\/revisions"}],"predecessor-version":[{"id":1309,"href":"https:\/\/www.lodelmomentoloja.com\/index.php?rest_route=\/wp\/v2\/posts\/1307\/revisions\/1309"}],"wp:featuredmedia":[{"embeddable":true,"href":"https:\/\/www.lodelmomentoloja.com\/index.php?rest_route=\/wp\/v2\/media\/1308"}],"wp:attachment":[{"href":"https:\/\/www.lodelmomentoloja.com\/index.php?rest_route=%2Fwp%2Fv2%2Fmedia&parent=1307"}],"wp:term":[{"taxonomy":"category","embeddable":true,"href":"https:\/\/www.lodelmomentoloja.com\/index.php?rest_route=%2Fwp%2Fv2%2Fcategories&post=1307"},{"taxonomy":"post_tag","embeddable":true,"href":"https:\/\/www.lodelmomentoloja.com\/index.php?rest_route=%2Fwp%2Fv2%2Ftags&post=1307"}],"curies":[{"name":"wp","href":"https:\/\/api.w.org\/{rel}","templated":true}]}}