{"id":1304,"date":"2020-12-17T13:03:11","date_gmt":"2020-12-17T13:03:11","guid":{"rendered":"http:\/\/www.lodelmomentoloja.com\/?p=1304"},"modified":"2020-12-17T18:05:43","modified_gmt":"2020-12-17T18:05:43","slug":"ministro-de-gobierno-positivo-para-covid-19","status":"publish","type":"post","link":"https:\/\/www.lodelmomentoloja.com\/?p=1304","title":{"rendered":"Ministro de Gobierno positivo para COVID-19"},"content":{"rendered":"\n<h1 class=\"wp-block-heading\">Loja | El ministro de Gobierno, Patricio Pazmi\u00f1o, inform\u00f3 el jueves 17 de diciembre del 2020 que dio positivo al covid-19.<\/h1>\n\n\n\n<p>El secretario de Estado dijo que se han aplicado todas las medidas de bioseguridad, tras conocer que result\u00f3 infectado por el nuevo coronavirus. Pazmi\u00f1o asegur\u00f3 que se mantendr\u00e1 en aislamiento y dirigir\u00e1 las labores en el Ministerio de Gobierno v\u00eda teletrabajo.<\/p>\n\n\n\n<p>&#8220;Se me ha confirmado un resultado positivo de covid-19. Hemos tomado todas las medidas de bioseguridad; mantendr\u00e9 aislamiento para cuidar mi salud y la de mi entorno de trabajo. Por supuesto, continuar\u00e9 con mis labores en teletrabajo, de manera segura y responsable&#8221;.<\/p>\n","protected":false},"excerpt":{"rendered":"<p>Loja | El ministro de Gobierno, Patricio Pazmi\u00f1o, inform\u00f3 el jueves 17 de diciembre del&#8230;<\/p>\n","protected":false},"author":1,"featured_media":1305,"comment_status":"open","ping_status":"open","sticky":false,"template":"","format":"standard","meta":{"footnotes":""},"categories":[1],"tags":[],"class_list":["post-1304","post","type-post","status-publish","format-standard","has-post-thumbnail","hentry","category-inicio"],"_links":{"self":[{"href":"https:\/\/www.lodelmomentoloja.com\/index.php?rest_route=\/wp\/v2\/posts\/1304"}],"collection":[{"href":"https:\/\/www.lodelmomentoloja.com\/index.php?rest_route=\/wp\/v2\/posts"}],"about":[{"href":"https:\/\/www.lodelmomentoloja.com\/index.php?rest_route=\/wp\/v2\/types\/post"}],"author":[{"embeddable":true,"href":"https:\/\/www.lodelmomentoloja.com\/index.php?rest_route=\/wp\/v2\/users\/1"}],"replies":[{"embeddable":true,"href":"https:\/\/www.lodelmomentoloja.com\/index.php?rest_route=%2Fwp%2Fv2%2Fcomments&post=1304"}],"version-history":[{"count":1,"href":"https:\/\/www.lodelmomentoloja.com\/index.php?rest_route=\/wp\/v2\/posts\/1304\/revisions"}],"predecessor-version":[{"id":1306,"href":"https:\/\/www.lodelmomentoloja.com\/index.php?rest_route=\/wp\/v2\/posts\/1304\/revisions\/1306"}],"wp:featuredmedia":[{"embeddable":true,"href":"https:\/\/www.lodelmomentoloja.com\/index.php?rest_route=\/wp\/v2\/media\/1305"}],"wp:attachment":[{"href":"https:\/\/www.lodelmomentoloja.com\/index.php?rest_route=%2Fwp%2Fv2%2Fmedia&parent=1304"}],"wp:term":[{"taxonomy":"category","embeddable":true,"href":"https:\/\/www.lodelmomentoloja.com\/index.php?rest_route=%2Fwp%2Fv2%2Fcategories&post=1304"},{"taxonomy":"post_tag","embeddable":true,"href":"https:\/\/www.lodelmomentoloja.com\/index.php?rest_route=%2Fwp%2Fv2%2Ftags&post=1304"}],"curies":[{"name":"wp","href":"https:\/\/api.w.org\/{rel}","templated":true}]}}