{"id":13033,"date":"2022-12-20T13:50:32","date_gmt":"2022-12-20T13:50:32","guid":{"rendered":"https:\/\/www.lodelmomentoloja.com\/?p=13033"},"modified":"2022-12-20T21:36:12","modified_gmt":"2022-12-20T21:36:12","slug":"debate-del-cne-para-prefecturas-y-alcaldias-del-2023","status":"publish","type":"post","link":"https:\/\/www.lodelmomentoloja.com\/?p=13033","title":{"rendered":"Debate del CNE para Prefecturas y Alcald\u00edas del 2023"},"content":{"rendered":"<p>El Consejo Nacional Electoral (CNE), a trav\u00e9s de un sorteo p\u00fablico retransmitido en las Delegaciones Provinciales Electorales, defini\u00f3 el orden de ejecuci\u00f3n de los debates electorales obligatorios de las Elecciones Seccionales 2023, para las dignidades de prefecturas y alcald\u00edas.<\/p>\n<p>En el sorteo, que cont\u00f3 con la presencia del Dr. Homero L\u00f3pez, notario vig\u00e9simo sexto del cant\u00f3n Quito, se determin\u00f3 que<strong> los debates para la dignidad de prefectura se realizar\u00e1n el domingo 8 de enero de 2023<\/strong>. Consecuentemente,<strong> los debates para quienes se postulen para las alcald\u00edas se efectuar\u00e1n el s\u00e1bado 14 y domingo 15 de enero del pr\u00f3ximo a\u00f1o<\/strong>.<\/p>\n<p><img loading=\"lazy\" decoding=\"async\" class=\"wp-image-13034 alignleft\" src=\"http:\/\/www.lodelmomentoloja.com\/wp-content\/uploads\/2022\/12\/FDEW-1024x682.jpg\" alt=\"\" width=\"532\" height=\"354\" srcset=\"https:\/\/www.lodelmomentoloja.com\/wp-content\/uploads\/2022\/12\/FDEW-1024x682.jpg 1024w, https:\/\/www.lodelmomentoloja.com\/wp-content\/uploads\/2022\/12\/FDEW-300x200.jpg 300w, https:\/\/www.lodelmomentoloja.com\/wp-content\/uploads\/2022\/12\/FDEW-768x512.jpg 768w, https:\/\/www.lodelmomentoloja.com\/wp-content\/uploads\/2022\/12\/FDEW-640x426.jpg 640w, https:\/\/www.lodelmomentoloja.com\/wp-content\/uploads\/2022\/12\/FDEW-1536x1023.jpg 1536w, https:\/\/www.lodelmomentoloja.com\/wp-content\/uploads\/2022\/12\/FDEW.jpg 1600w\" sizes=\"(max-width: 532px) 100vw, 532px\" \/><\/p>\n<p>La presidenta del \u00f3rgano electoral, Diana Atamaint, se\u00f1al\u00f3 que el sorteo se constituye en un mecanismo de transparencia, avalado por un notario p\u00fablico. Adem\u00e1s, invit\u00f3 a los postulantes a aprovechar estos encuentros. \u201cQuiero exhortar a los candidatos y candidatas a que preparen sus propuestas; a que aprovechen este espacio para informar a la ciudadan\u00eda sobre sus planes de trabajo y aspectos relevantes para el desarrollo de sus territorios\u201d, puntualiz\u00f3.<\/p>\n<p><strong>Los debates electorales se realizar\u00e1n sobre cuatro ejes tem\u00e1ticos: seguridad y convivencia ciudadana; \u00e1mbito econ\u00f3mico y reactivaci\u00f3n; medio ambiente y territorio; y, administraci\u00f3n local y provincial.<\/strong><\/p>\n<p>En el sorteo participaron las autoridades del \u00f3rgano electoral y los integrantes del Comit\u00e9 Nacional de Debates, quienes ratificaron su compromiso de promover el voto informado de la ciudadan\u00eda, en los comicios que se realizar\u00e1n el domingo 5 de febrero de 2023.<\/p>\n<p>El \u00faltimo debate de alcald\u00edas 2019, fue organizado por la Universidad T\u00e9cnica Particular de Loja, mientras que de la Prefectura 2019, lo llev\u00f3 a caso el Colegio de Profesionales de la provincia de Loja.<\/p>\n<p><img loading=\"lazy\" decoding=\"async\" class=\"alignnone wp-image-13035 size-large\" src=\"http:\/\/www.lodelmomentoloja.com\/wp-content\/uploads\/2022\/12\/Sin-titulo-1-1-1024x414.jpg\" alt=\"\" width=\"640\" height=\"259\" srcset=\"https:\/\/www.lodelmomentoloja.com\/wp-content\/uploads\/2022\/12\/Sin-titulo-1-1-1024x414.jpg 1024w, https:\/\/www.lodelmomentoloja.com\/wp-content\/uploads\/2022\/12\/Sin-titulo-1-1-300x121.jpg 300w, https:\/\/www.lodelmomentoloja.com\/wp-content\/uploads\/2022\/12\/Sin-titulo-1-1-768x311.jpg 768w, https:\/\/www.lodelmomentoloja.com\/wp-content\/uploads\/2022\/12\/Sin-titulo-1-1-640x259.jpg 640w, https:\/\/www.lodelmomentoloja.com\/wp-content\/uploads\/2022\/12\/Sin-titulo-1-1.jpg 1374w\" sizes=\"(max-width: 640px) 100vw, 640px\" \/><\/p>\n<p><em>Foto: Tomado del programa de debate UTPL 2019<\/em><\/p>\n<p>&nbsp;<\/p>\n<p><em>S\u00edguenos #LDMnoticias \u00f3 #lodelmomentolojaLDM<\/em><\/p>\n","protected":false},"excerpt":{"rendered":"<p>El Consejo Nacional Electoral (CNE), a trav\u00e9s de un sorteo p\u00fablico retransmitido en las Delegaciones&#8230;<\/p>\n","protected":false},"author":1,"featured_media":13038,"comment_status":"open","ping_status":"open","sticky":false,"template":"","format":"standard","meta":{"footnotes":""},"categories":[7,1,5],"tags":[],"class_list":["post-13033","post","type-post","status-publish","format-standard","has-post-thumbnail","hentry","category-ecuador","category-inicio","category-loja"],"_links":{"self":[{"href":"https:\/\/www.lodelmomentoloja.com\/index.php?rest_route=\/wp\/v2\/posts\/13033"}],"collection":[{"href":"https:\/\/www.lodelmomentoloja.com\/index.php?rest_route=\/wp\/v2\/posts"}],"about":[{"href":"https:\/\/www.lodelmomentoloja.com\/index.php?rest_route=\/wp\/v2\/types\/post"}],"author":[{"embeddable":true,"href":"https:\/\/www.lodelmomentoloja.com\/index.php?rest_route=\/wp\/v2\/users\/1"}],"replies":[{"embeddable":true,"href":"https:\/\/www.lodelmomentoloja.com\/index.php?rest_route=%2Fwp%2Fv2%2Fcomments&post=13033"}],"version-history":[{"count":1,"href":"https:\/\/www.lodelmomentoloja.com\/index.php?rest_route=\/wp\/v2\/posts\/13033\/revisions"}],"predecessor-version":[{"id":13037,"href":"https:\/\/www.lodelmomentoloja.com\/index.php?rest_route=\/wp\/v2\/posts\/13033\/revisions\/13037"}],"wp:featuredmedia":[{"embeddable":true,"href":"https:\/\/www.lodelmomentoloja.com\/index.php?rest_route=\/wp\/v2\/media\/13038"}],"wp:attachment":[{"href":"https:\/\/www.lodelmomentoloja.com\/index.php?rest_route=%2Fwp%2Fv2%2Fmedia&parent=13033"}],"wp:term":[{"taxonomy":"category","embeddable":true,"href":"https:\/\/www.lodelmomentoloja.com\/index.php?rest_route=%2Fwp%2Fv2%2Fcategories&post=13033"},{"taxonomy":"post_tag","embeddable":true,"href":"https:\/\/www.lodelmomentoloja.com\/index.php?rest_route=%2Fwp%2Fv2%2Ftags&post=13033"}],"curies":[{"name":"wp","href":"https:\/\/api.w.org\/{rel}","templated":true}]}}