{"id":13027,"date":"2022-12-20T14:47:15","date_gmt":"2022-12-20T14:47:15","guid":{"rendered":"https:\/\/www.lodelmomentoloja.com\/?p=13027"},"modified":"2022-12-20T20:48:43","modified_gmt":"2022-12-20T20:48:43","slug":"montanistas-de-ecuador-de-luto","status":"publish","type":"post","link":"https:\/\/www.lodelmomentoloja.com\/?p=13027","title":{"rendered":"Monta\u00f1istas de Ecuador de Luto"},"content":{"rendered":"<p>#Nacional | Ecuador, est\u00e1 de luto por la tragedia de los tres excursionistas que perdieron la vida el domingo 18 de diciembre, al caer, al parecer, de una grieta del volc\u00e1n Antisana. Hay conmoci\u00f3n por la muerte de la monta\u00f1ista de 10 a\u00f1os, Dayra Iza, quien est\u00e1 dentro de las v\u00edctimas.<\/p>\n<p><iframe loading=\"lazy\" title=\"Ni\u00f1a monta\u00f1ista Dayra Iza falleci\u00f3 junto a dos alpinistas en el Antisana  | LO DEL MOMENTO LOJA\" width=\"640\" height=\"360\" src=\"https:\/\/www.youtube.com\/embed\/x1m8w3nl7vM?feature=oembed\" frameborder=\"0\" allow=\"accelerometer; autoplay; clipboard-write; encrypted-media; gyroscope; picture-in-picture; web-share\" referrerpolicy=\"strict-origin-when-cross-origin\" allowfullscreen><\/iframe><\/p>\n<p>www.lodelmomentoloja.com<br \/>\n#LDMnoticias #lodelmomentolojaLDM<\/p>\n","protected":false},"excerpt":{"rendered":"<p>#Nacional | Ecuador, est\u00e1 de luto por la tragedia de los tres excursionistas que perdieron&#8230;<\/p>\n","protected":false},"author":1,"featured_media":13028,"comment_status":"open","ping_status":"open","sticky":false,"template":"","format":"standard","meta":{"footnotes":""},"categories":[7,1],"tags":[],"class_list":["post-13027","post","type-post","status-publish","format-standard","has-post-thumbnail","hentry","category-ecuador","category-inicio"],"_links":{"self":[{"href":"https:\/\/www.lodelmomentoloja.com\/index.php?rest_route=\/wp\/v2\/posts\/13027"}],"collection":[{"href":"https:\/\/www.lodelmomentoloja.com\/index.php?rest_route=\/wp\/v2\/posts"}],"about":[{"href":"https:\/\/www.lodelmomentoloja.com\/index.php?rest_route=\/wp\/v2\/types\/post"}],"author":[{"embeddable":true,"href":"https:\/\/www.lodelmomentoloja.com\/index.php?rest_route=\/wp\/v2\/users\/1"}],"replies":[{"embeddable":true,"href":"https:\/\/www.lodelmomentoloja.com\/index.php?rest_route=%2Fwp%2Fv2%2Fcomments&post=13027"}],"version-history":[{"count":1,"href":"https:\/\/www.lodelmomentoloja.com\/index.php?rest_route=\/wp\/v2\/posts\/13027\/revisions"}],"predecessor-version":[{"id":13029,"href":"https:\/\/www.lodelmomentoloja.com\/index.php?rest_route=\/wp\/v2\/posts\/13027\/revisions\/13029"}],"wp:featuredmedia":[{"embeddable":true,"href":"https:\/\/www.lodelmomentoloja.com\/index.php?rest_route=\/wp\/v2\/media\/13028"}],"wp:attachment":[{"href":"https:\/\/www.lodelmomentoloja.com\/index.php?rest_route=%2Fwp%2Fv2%2Fmedia&parent=13027"}],"wp:term":[{"taxonomy":"category","embeddable":true,"href":"https:\/\/www.lodelmomentoloja.com\/index.php?rest_route=%2Fwp%2Fv2%2Fcategories&post=13027"},{"taxonomy":"post_tag","embeddable":true,"href":"https:\/\/www.lodelmomentoloja.com\/index.php?rest_route=%2Fwp%2Fv2%2Ftags&post=13027"}],"curies":[{"name":"wp","href":"https:\/\/api.w.org\/{rel}","templated":true}]}}