{"id":13000,"date":"2022-12-19T11:00:12","date_gmt":"2022-12-19T11:00:12","guid":{"rendered":"https:\/\/www.lodelmomentoloja.com\/?p=13000"},"modified":"2022-12-19T16:52:55","modified_gmt":"2022-12-19T16:52:55","slug":"13000","status":"publish","type":"post","link":"https:\/\/www.lodelmomentoloja.com\/?p=13000","title":{"rendered":""},"content":{"rendered":"<h4>EN EL PASADO<\/h4>\n<p>A inicios de abril del 2022, al norte de la ciudad de Loja, varios moradores denunciaban ante LDM el deplorable estado del puente de madera que conecta los barrios Shucos y Castillo Florencia, y en su tiempo era calific\u00e1ndolo como una bomba de tiempo a su desplome, ya que por este, <strong>entre unos 100 personas lo utilizan durante el transcurso del d\u00eda para diferentes actividades<\/strong>. El temor m\u00e1s grande viene de los padres de familia de las zonas mencionadas, los menores cruzan este puente casi virado para ir su escuela y de la misma forma, retornan con un miedo evidente ante un posible desplome.<\/p>\n<p><em><strong>\u201cSoy moradora del barrio aleda\u00f1o a Sauces, ay\u00fadenos exponiendo nuestro caso, tenemos un miedo de cruzarlo\u201d<\/strong><\/em>\u00a0eran las palabras de una ciudadana al referirse sobre el puente de madera.<\/p>\n<p>En otro de las fotograf\u00edas que podemos apreciar, un adulto mayor cruza de forma r\u00e1pida por miedo a sufrir un accidente.<\/p>\n<p>&nbsp;<\/p>\n<p><img loading=\"lazy\" decoding=\"async\" class=\"alignnone wp-image-13001 \" src=\"http:\/\/www.lodelmomentoloja.com\/wp-content\/uploads\/2022\/12\/277361240_575610940126141_7269994638073414807_n.jpg\" alt=\"\" width=\"482\" height=\"482\" srcset=\"https:\/\/www.lodelmomentoloja.com\/wp-content\/uploads\/2022\/12\/277361240_575610940126141_7269994638073414807_n.jpg 772w, https:\/\/www.lodelmomentoloja.com\/wp-content\/uploads\/2022\/12\/277361240_575610940126141_7269994638073414807_n-300x300.jpg 300w, https:\/\/www.lodelmomentoloja.com\/wp-content\/uploads\/2022\/12\/277361240_575610940126141_7269994638073414807_n-150x150.jpg 150w, https:\/\/www.lodelmomentoloja.com\/wp-content\/uploads\/2022\/12\/277361240_575610940126141_7269994638073414807_n-768x768.jpg 768w, https:\/\/www.lodelmomentoloja.com\/wp-content\/uploads\/2022\/12\/277361240_575610940126141_7269994638073414807_n-640x640.jpg 640w\" sizes=\"(max-width: 482px) 100vw, 482px\" \/><\/p>\n<p><em>Fotograf\u00eda de abril 2022<\/em><\/p>\n<p>&nbsp;<\/p>\n<h4>EN LA ACTUALIDAD<\/h4>\n<p>Sin embargo, <strong>han pasado m\u00e1s de ocho meses y la situaci\u00f3n no ha cambiado, incluso, hasta est\u00e1 peor ,<\/strong> ya que con la intervenci\u00f3n que apartemente estar\u00eda a cargo del ayuntamiento local, su estado es incluso peor de lo mal que estaba. Como pueden ver en las fotograf\u00edas que llegan a este medio digital, <strong>un par de tablas con unos cuantos clavos son parte de la nueva estructura que tiene dicho puente<\/strong>, convirti\u00e9ndose en intransitable por los ciudadanos que buscan movilizarse a realizar sus actividades.<\/p>\n<p><img loading=\"lazy\" decoding=\"async\" class=\"alignnone wp-image-13002 \" src=\"http:\/\/www.lodelmomentoloja.com\/wp-content\/uploads\/2022\/12\/319701170_3406946039625880_7119357052629335985_n.jpg\" alt=\"\" width=\"383\" height=\"511\" srcset=\"https:\/\/www.lodelmomentoloja.com\/wp-content\/uploads\/2022\/12\/319701170_3406946039625880_7119357052629335985_n.jpg 480w, https:\/\/www.lodelmomentoloja.com\/wp-content\/uploads\/2022\/12\/319701170_3406946039625880_7119357052629335985_n-225x300.jpg 225w\" sizes=\"(max-width: 383px) 100vw, 383px\" \/>\u00a0 \u00a0 \u00a0 <img loading=\"lazy\" decoding=\"async\" class=\"alignnone wp-image-13003 \" src=\"http:\/\/www.lodelmomentoloja.com\/wp-content\/uploads\/2022\/12\/320498337_481942550516676_180111743757172118_n.jpg\" alt=\"\" width=\"383\" height=\"511\" srcset=\"https:\/\/www.lodelmomentoloja.com\/wp-content\/uploads\/2022\/12\/320498337_481942550516676_180111743757172118_n.jpg 480w, https:\/\/www.lodelmomentoloja.com\/wp-content\/uploads\/2022\/12\/320498337_481942550516676_180111743757172118_n-225x300.jpg 225w\" sizes=\"(max-width: 383px) 100vw, 383px\" \/><\/p>\n<p><em>Fotograf\u00edas diciembre 2022<\/em><\/p>\n<p>&nbsp;<\/p>\n<p>Dani M, morador del sector, <strong>comenta que el trabajo del Municipio es mediocre y reclama que esta situaci\u00f3n lleva m\u00e1s de una semana<\/strong> si ser debidamente atendido, dejando desamparados a ni\u00f1os y adultos mayores que habitan en la zona.<\/p>\n<p>&nbsp;<\/p>\n<p><em>S\u00edguenos #LDMnoticias \u00f3 #lodelmomentolojaLDM<\/em><\/p>\n","protected":false},"excerpt":{"rendered":"<p>EN EL PASADO A inicios de abril del 2022, al norte de la ciudad de&#8230;<\/p>\n","protected":false},"author":1,"featured_media":13004,"comment_status":"open","ping_status":"open","sticky":false,"template":"","format":"standard","meta":{"footnotes":""},"categories":[1,5],"tags":[],"class_list":["post-13000","post","type-post","status-publish","format-standard","has-post-thumbnail","hentry","category-inicio","category-loja"],"_links":{"self":[{"href":"https:\/\/www.lodelmomentoloja.com\/index.php?rest_route=\/wp\/v2\/posts\/13000"}],"collection":[{"href":"https:\/\/www.lodelmomentoloja.com\/index.php?rest_route=\/wp\/v2\/posts"}],"about":[{"href":"https:\/\/www.lodelmomentoloja.com\/index.php?rest_route=\/wp\/v2\/types\/post"}],"author":[{"embeddable":true,"href":"https:\/\/www.lodelmomentoloja.com\/index.php?rest_route=\/wp\/v2\/users\/1"}],"replies":[{"embeddable":true,"href":"https:\/\/www.lodelmomentoloja.com\/index.php?rest_route=%2Fwp%2Fv2%2Fcomments&post=13000"}],"version-history":[{"count":1,"href":"https:\/\/www.lodelmomentoloja.com\/index.php?rest_route=\/wp\/v2\/posts\/13000\/revisions"}],"predecessor-version":[{"id":13005,"href":"https:\/\/www.lodelmomentoloja.com\/index.php?rest_route=\/wp\/v2\/posts\/13000\/revisions\/13005"}],"wp:featuredmedia":[{"embeddable":true,"href":"https:\/\/www.lodelmomentoloja.com\/index.php?rest_route=\/wp\/v2\/media\/13004"}],"wp:attachment":[{"href":"https:\/\/www.lodelmomentoloja.com\/index.php?rest_route=%2Fwp%2Fv2%2Fmedia&parent=13000"}],"wp:term":[{"taxonomy":"category","embeddable":true,"href":"https:\/\/www.lodelmomentoloja.com\/index.php?rest_route=%2Fwp%2Fv2%2Fcategories&post=13000"},{"taxonomy":"post_tag","embeddable":true,"href":"https:\/\/www.lodelmomentoloja.com\/index.php?rest_route=%2Fwp%2Fv2%2Ftags&post=13000"}],"curies":[{"name":"wp","href":"https:\/\/api.w.org\/{rel}","templated":true}]}}