{"id":12967,"date":"2022-12-16T07:00:50","date_gmt":"2022-12-16T07:00:50","guid":{"rendered":"https:\/\/www.lodelmomentoloja.com\/?p=12967"},"modified":"2022-12-16T12:56:32","modified_gmt":"2022-12-16T12:56:32","slug":"30-individuos-detenidos-en-ataque-tras-la-liberacion-un-cabecilla-de-los-choneros","status":"publish","type":"post","link":"https:\/\/www.lodelmomentoloja.com\/?p=12967","title":{"rendered":"30 individuos detenidos en ataque tras la liberaci\u00f3n un cabecilla de los Choneros"},"content":{"rendered":"<p>La noche de ayer, 14 de diciembre 2022, <strong>tras la prelibertad concedida por un juez a Junior Rold\u00e1n (JR) cabecillas de Los Choneros<\/strong>, este, sal\u00eda en medio de una caravana (v\u00eda de Guayas) con autos de alta gama y con individuos llevando armas; sin embargo, en medio de lo que ocurr\u00eda por la v\u00eda Aurora-Salitre en Guayas, <strong>se registr\u00f3 un supuesto ataque a quienes acompa\u00f1aban al recluso.<\/strong><\/p>\n<p>Por el altercado que se provoc\u00f3, Polic\u00eda Nacional procedi\u00f3 a la aprehensi\u00f3n de<strong> 30 individuos, incluido Junior R., han sido retenidas portando armas de grueso calibre<\/strong> al momento de la liberaci\u00f3n de alias &#8220;Jr&#8221;. Estos fueron trasladados a la Unidad de Flagrancia para las diligencias previas a la audiencia de formulaci\u00f3n de cargos bajo la tutela de la fiscal provincial, Yanina Villag\u00f3mez.<\/p>\n<p>Posteriormente, en la misma noche, <strong>la Polic\u00eda Nacional detuvo al grupo de sujetos que estaban implicados en el ataque<\/strong> de Junior R. y los cuales tambi\u00e9n portaban armas de fuego.<\/p>\n<p>&nbsp;<\/p>\n<p><em>S\u00edguenos #LDMnoticias \u00f3 #lodelmomentolojaLDM<\/em><\/p>\n","protected":false},"excerpt":{"rendered":"<p>La noche de ayer, 14 de diciembre 2022, tras la prelibertad concedida por un juez&#8230;<\/p>\n","protected":false},"author":1,"featured_media":12969,"comment_status":"open","ping_status":"open","sticky":false,"template":"","format":"standard","meta":{"footnotes":""},"categories":[7,1],"tags":[],"class_list":["post-12967","post","type-post","status-publish","format-standard","has-post-thumbnail","hentry","category-ecuador","category-inicio"],"_links":{"self":[{"href":"https:\/\/www.lodelmomentoloja.com\/index.php?rest_route=\/wp\/v2\/posts\/12967"}],"collection":[{"href":"https:\/\/www.lodelmomentoloja.com\/index.php?rest_route=\/wp\/v2\/posts"}],"about":[{"href":"https:\/\/www.lodelmomentoloja.com\/index.php?rest_route=\/wp\/v2\/types\/post"}],"author":[{"embeddable":true,"href":"https:\/\/www.lodelmomentoloja.com\/index.php?rest_route=\/wp\/v2\/users\/1"}],"replies":[{"embeddable":true,"href":"https:\/\/www.lodelmomentoloja.com\/index.php?rest_route=%2Fwp%2Fv2%2Fcomments&post=12967"}],"version-history":[{"count":1,"href":"https:\/\/www.lodelmomentoloja.com\/index.php?rest_route=\/wp\/v2\/posts\/12967\/revisions"}],"predecessor-version":[{"id":12968,"href":"https:\/\/www.lodelmomentoloja.com\/index.php?rest_route=\/wp\/v2\/posts\/12967\/revisions\/12968"}],"wp:featuredmedia":[{"embeddable":true,"href":"https:\/\/www.lodelmomentoloja.com\/index.php?rest_route=\/wp\/v2\/media\/12969"}],"wp:attachment":[{"href":"https:\/\/www.lodelmomentoloja.com\/index.php?rest_route=%2Fwp%2Fv2%2Fmedia&parent=12967"}],"wp:term":[{"taxonomy":"category","embeddable":true,"href":"https:\/\/www.lodelmomentoloja.com\/index.php?rest_route=%2Fwp%2Fv2%2Fcategories&post=12967"},{"taxonomy":"post_tag","embeddable":true,"href":"https:\/\/www.lodelmomentoloja.com\/index.php?rest_route=%2Fwp%2Fv2%2Ftags&post=12967"}],"curies":[{"name":"wp","href":"https:\/\/api.w.org\/{rel}","templated":true}]}}