{"id":12825,"date":"2022-12-08T11:17:16","date_gmt":"2022-12-08T11:17:16","guid":{"rendered":"https:\/\/www.lodelmomentoloja.com\/?p=12825"},"modified":"2022-12-08T16:17:55","modified_gmt":"2022-12-08T16:17:55","slug":"uso-obligatorio-de-mascarillas-en-ecuador","status":"publish","type":"post","link":"https:\/\/www.lodelmomentoloja.com\/?p=12825","title":{"rendered":"Uso obligatorio de mascarillas en Ecuador"},"content":{"rendered":"<p>El Comit\u00e9 de Operaciones de Emergencia (COE) anunci\u00f3, la tarde del 7 de diciembre de 2022, que en el pa\u00eds se retomar\u00e1 el uso obligatorio de la mascarilla en espacios cerrados. El presidente del organismo, Juan Zapata, detall\u00f3 que la medida se aplicar\u00e1 en espacios como aulas de clase, medios de transporte p\u00fablico, hospitales y oficinas.<\/p>\n<p>Ministro de Salud, Jos\u00e9 Ruales dijo que el uso obligatorio de la mascarilla estar\u00e1 vigente hasta que la curva epidemiol\u00f3gica muestre un descenso en los contagios. Y aclar\u00f3 que no habr\u00e1 sanciones para las personas que no cumplan con la disposici\u00f3n.<\/p>\n<p>www.lodelmomentoloja.com<br \/>\n#LDMnoticias #lodelmomentolojaLDM<\/p>\n","protected":false},"excerpt":{"rendered":"<p>El Comit\u00e9 de Operaciones de Emergencia (COE) anunci\u00f3, la tarde del 7 de diciembre de&#8230;<\/p>\n","protected":false},"author":1,"featured_media":12826,"comment_status":"open","ping_status":"open","sticky":false,"template":"","format":"standard","meta":{"footnotes":""},"categories":[7,1],"tags":[],"class_list":["post-12825","post","type-post","status-publish","format-standard","has-post-thumbnail","hentry","category-ecuador","category-inicio"],"_links":{"self":[{"href":"https:\/\/www.lodelmomentoloja.com\/index.php?rest_route=\/wp\/v2\/posts\/12825"}],"collection":[{"href":"https:\/\/www.lodelmomentoloja.com\/index.php?rest_route=\/wp\/v2\/posts"}],"about":[{"href":"https:\/\/www.lodelmomentoloja.com\/index.php?rest_route=\/wp\/v2\/types\/post"}],"author":[{"embeddable":true,"href":"https:\/\/www.lodelmomentoloja.com\/index.php?rest_route=\/wp\/v2\/users\/1"}],"replies":[{"embeddable":true,"href":"https:\/\/www.lodelmomentoloja.com\/index.php?rest_route=%2Fwp%2Fv2%2Fcomments&post=12825"}],"version-history":[{"count":1,"href":"https:\/\/www.lodelmomentoloja.com\/index.php?rest_route=\/wp\/v2\/posts\/12825\/revisions"}],"predecessor-version":[{"id":12827,"href":"https:\/\/www.lodelmomentoloja.com\/index.php?rest_route=\/wp\/v2\/posts\/12825\/revisions\/12827"}],"wp:featuredmedia":[{"embeddable":true,"href":"https:\/\/www.lodelmomentoloja.com\/index.php?rest_route=\/wp\/v2\/media\/12826"}],"wp:attachment":[{"href":"https:\/\/www.lodelmomentoloja.com\/index.php?rest_route=%2Fwp%2Fv2%2Fmedia&parent=12825"}],"wp:term":[{"taxonomy":"category","embeddable":true,"href":"https:\/\/www.lodelmomentoloja.com\/index.php?rest_route=%2Fwp%2Fv2%2Fcategories&post=12825"},{"taxonomy":"post_tag","embeddable":true,"href":"https:\/\/www.lodelmomentoloja.com\/index.php?rest_route=%2Fwp%2Fv2%2Ftags&post=12825"}],"curies":[{"name":"wp","href":"https:\/\/api.w.org\/{rel}","templated":true}]}}