{"id":12798,"date":"2022-12-07T09:17:49","date_gmt":"2022-12-07T09:17:49","guid":{"rendered":"https:\/\/www.lodelmomentoloja.com\/?p=12798"},"modified":"2022-12-07T14:20:02","modified_gmt":"2022-12-07T14:20:02","slug":"diez-dias-de-franco-para-militares-en-ecuador","status":"publish","type":"post","link":"https:\/\/www.lodelmomentoloja.com\/?p=12798","title":{"rendered":"Diez d\u00edas de &#8216;franco&#8217; para Militares en Ecuador"},"content":{"rendered":"<p dir=\"ltr\">\u2600\ufe0f\ud83c\udf8a\ud83e\ude96 \u00a1Vacaciones para los militares!<\/p>\n<p dir=\"ltr\">El primer mandatario asegur\u00f3 que se incrementar\u00e1n los d\u00edas de descanso de los militares a 10 como \u201cuna recompensa por su labor en la lucha contra el crimen organizado, dentro y fuera de las c\u00e1rceles&#8221;.<\/p>\n<p dir=\"ltr\">\u00abLos d\u00edas de franco o de vacaciones que tendr\u00e1n este fin de a\u00f1o para cada uno de los dos grupos se incrementar\u00e1n de seis a diez d\u00edas, para que ustedes puedan pasar m\u00e1s tiempo con sus familias\u00bb, anunci\u00f3 el Primer Mandatario.<\/p>\n<p dir=\"ltr\">Con la disposici\u00f3n del Presidente Lasso, los grupos de descanso se dividir\u00e1n en dos. El primero saldr\u00e1 del 19 al 28 de diciembre y el segundo grupo lo har\u00e1 del 30 de diciembre al 8 de enero.<\/p>\n<p dir=\"ltr\">El 29 de diciembre ser\u00e1 un d\u00eda normal de labores para los militares.<\/p>\n<p dir=\"ltr\">V\u00eda: Radio Pichincha<\/p>\n<p dir=\"ltr\">#LDMnoticias #lodelmomentolojaLDM<\/p>\n","protected":false},"excerpt":{"rendered":"<p>\u2600\ufe0f\ud83c\udf8a\ud83e\ude96 \u00a1Vacaciones para los militares! El primer mandatario asegur\u00f3 que se incrementar\u00e1n los d\u00edas de&#8230;<\/p>\n","protected":false},"author":1,"featured_media":12799,"comment_status":"open","ping_status":"open","sticky":false,"template":"","format":"standard","meta":{"footnotes":""},"categories":[7,1],"tags":[],"class_list":["post-12798","post","type-post","status-publish","format-standard","has-post-thumbnail","hentry","category-ecuador","category-inicio"],"_links":{"self":[{"href":"https:\/\/www.lodelmomentoloja.com\/index.php?rest_route=\/wp\/v2\/posts\/12798"}],"collection":[{"href":"https:\/\/www.lodelmomentoloja.com\/index.php?rest_route=\/wp\/v2\/posts"}],"about":[{"href":"https:\/\/www.lodelmomentoloja.com\/index.php?rest_route=\/wp\/v2\/types\/post"}],"author":[{"embeddable":true,"href":"https:\/\/www.lodelmomentoloja.com\/index.php?rest_route=\/wp\/v2\/users\/1"}],"replies":[{"embeddable":true,"href":"https:\/\/www.lodelmomentoloja.com\/index.php?rest_route=%2Fwp%2Fv2%2Fcomments&post=12798"}],"version-history":[{"count":1,"href":"https:\/\/www.lodelmomentoloja.com\/index.php?rest_route=\/wp\/v2\/posts\/12798\/revisions"}],"predecessor-version":[{"id":12800,"href":"https:\/\/www.lodelmomentoloja.com\/index.php?rest_route=\/wp\/v2\/posts\/12798\/revisions\/12800"}],"wp:featuredmedia":[{"embeddable":true,"href":"https:\/\/www.lodelmomentoloja.com\/index.php?rest_route=\/wp\/v2\/media\/12799"}],"wp:attachment":[{"href":"https:\/\/www.lodelmomentoloja.com\/index.php?rest_route=%2Fwp%2Fv2%2Fmedia&parent=12798"}],"wp:term":[{"taxonomy":"category","embeddable":true,"href":"https:\/\/www.lodelmomentoloja.com\/index.php?rest_route=%2Fwp%2Fv2%2Fcategories&post=12798"},{"taxonomy":"post_tag","embeddable":true,"href":"https:\/\/www.lodelmomentoloja.com\/index.php?rest_route=%2Fwp%2Fv2%2Ftags&post=12798"}],"curies":[{"name":"wp","href":"https:\/\/api.w.org\/{rel}","templated":true}]}}