{"id":12784,"date":"2022-12-06T14:01:11","date_gmt":"2022-12-06T14:01:11","guid":{"rendered":"https:\/\/www.lodelmomentoloja.com\/?p=12784"},"modified":"2022-12-06T19:01:54","modified_gmt":"2022-12-06T19:01:54","slug":"loor-a-quito-en-sus-488-anos-de-fundacion","status":"publish","type":"post","link":"https:\/\/www.lodelmomentoloja.com\/?p=12784","title":{"rendered":"Loor a Quito en sus 488 a\u00f1os de fundaci\u00f3n"},"content":{"rendered":"<p>El 06 de diciembre de 2022 Quito celebra 488 a\u00f1os de fundaci\u00f3n, a\u00f1o en que adem\u00e1s se conmemora los 200 a\u00f1os de la Batalla de Pichincha, hechos hist\u00f3ricos que permiten mirar a la ciudad capitalina como cuna de los procesos de independencia y del nacimiento de una ciudad cosmopolita due\u00f1a de una inmensa mixtura cultural, arquitect\u00f3nica, gastron\u00f3mica y art\u00edstica.<\/p>\n<p>Como acto simb\u00f3lico por el 06 de diciembre contin\u00faa la tradicional \u201cSesi\u00f3n Solemne\u201d, en honor a la fundaci\u00f3n de San Francisco de Quito, el acto protocolar se realizar\u00e1 a las 16:00 en el Centro de Convenciones Bicentenario. A m\u00e1s de la gran posibilidad de espect\u00e1culos musicales la ciudadan\u00eda tiene a su disposici\u00f3n actividades como: carrera de coches de madera, conciertos de m\u00fasica urbana y metal, encuentros de 40, serenatas quite\u00f1as y ferias de emprendimientos.<\/p>\n<p>Y a partir las 19:00 en el Parque Bicentenario se llevar\u00e1 a cabo tambi\u00e9n un show con la presentaci\u00f3n de diferentes artistas.<\/p>\n<p>#LDMnoticias #lodelmomentolojaLDM<\/p>\n","protected":false},"excerpt":{"rendered":"<p>El 06 de diciembre de 2022 Quito celebra 488 a\u00f1os de fundaci\u00f3n, a\u00f1o en que&#8230;<\/p>\n","protected":false},"author":1,"featured_media":12785,"comment_status":"open","ping_status":"open","sticky":false,"template":"","format":"standard","meta":{"footnotes":""},"categories":[7,1],"tags":[],"class_list":["post-12784","post","type-post","status-publish","format-standard","has-post-thumbnail","hentry","category-ecuador","category-inicio"],"_links":{"self":[{"href":"https:\/\/www.lodelmomentoloja.com\/index.php?rest_route=\/wp\/v2\/posts\/12784"}],"collection":[{"href":"https:\/\/www.lodelmomentoloja.com\/index.php?rest_route=\/wp\/v2\/posts"}],"about":[{"href":"https:\/\/www.lodelmomentoloja.com\/index.php?rest_route=\/wp\/v2\/types\/post"}],"author":[{"embeddable":true,"href":"https:\/\/www.lodelmomentoloja.com\/index.php?rest_route=\/wp\/v2\/users\/1"}],"replies":[{"embeddable":true,"href":"https:\/\/www.lodelmomentoloja.com\/index.php?rest_route=%2Fwp%2Fv2%2Fcomments&post=12784"}],"version-history":[{"count":1,"href":"https:\/\/www.lodelmomentoloja.com\/index.php?rest_route=\/wp\/v2\/posts\/12784\/revisions"}],"predecessor-version":[{"id":12786,"href":"https:\/\/www.lodelmomentoloja.com\/index.php?rest_route=\/wp\/v2\/posts\/12784\/revisions\/12786"}],"wp:featuredmedia":[{"embeddable":true,"href":"https:\/\/www.lodelmomentoloja.com\/index.php?rest_route=\/wp\/v2\/media\/12785"}],"wp:attachment":[{"href":"https:\/\/www.lodelmomentoloja.com\/index.php?rest_route=%2Fwp%2Fv2%2Fmedia&parent=12784"}],"wp:term":[{"taxonomy":"category","embeddable":true,"href":"https:\/\/www.lodelmomentoloja.com\/index.php?rest_route=%2Fwp%2Fv2%2Fcategories&post=12784"},{"taxonomy":"post_tag","embeddable":true,"href":"https:\/\/www.lodelmomentoloja.com\/index.php?rest_route=%2Fwp%2Fv2%2Ftags&post=12784"}],"curies":[{"name":"wp","href":"https:\/\/api.w.org\/{rel}","templated":true}]}}