{"id":12629,"date":"2022-11-28T14:32:36","date_gmt":"2022-11-28T14:32:36","guid":{"rendered":"https:\/\/www.lodelmomentoloja.com\/?p=12629"},"modified":"2022-11-28T19:34:22","modified_gmt":"2022-11-28T19:34:22","slug":"jorge-glas-recuperara-su-libertad","status":"publish","type":"post","link":"https:\/\/www.lodelmomentoloja.com\/?p=12629","title":{"rendered":"Jorge Glas recuperar\u00e1 su libertad"},"content":{"rendered":"<p>#Ecuador | Este lunes 28 de Noviembre, el juez Emerson Geovanny Curipallo Ulloa, de la Unidad Penal de Santo Domingo, acept\u00f3 la medida cautelar a favor de Jorge Glas.<\/p>\n<p>El exvicepresidente deber\u00eda presentarse una vez por semana en la Penitenciar\u00eda del Litoral y tiene prohibici\u00f3n de salir del pa\u00eds. Con esto, Glas podr\u00eda recuperar su libertad esta misma tarde.<\/p>\n<p>El Tribunal de Ecuador hab\u00eda anulado la condena a exvicepresidente de Correa en caso Singue, pero cabe aclarar, Glas cuenta con dos condenas firmes por corrupci\u00f3n, una de seis a\u00f1os de prisi\u00f3n por asociaci\u00f3n il\u00edcita en torno a la trama de fraude relacionado con esc\u00e1ndalo de corrupci\u00f3n de la constructora brasile\u00f1a Odebrecht; y a ocho a\u00f1os en un cohecho en la financiaci\u00f3n ilegal de su movimiento pol\u00edtico.<\/p>\n<p>www.lodelmomentoloja.com<br \/>\n#LDMnoticias #lodelmomentolojaLDM<\/p>\n","protected":false},"excerpt":{"rendered":"<p>#Ecuador | Este lunes 28 de Noviembre, el juez Emerson Geovanny Curipallo Ulloa, de la&#8230;<\/p>\n","protected":false},"author":1,"featured_media":12630,"comment_status":"open","ping_status":"open","sticky":false,"template":"","format":"standard","meta":{"footnotes":""},"categories":[7,1],"tags":[],"class_list":["post-12629","post","type-post","status-publish","format-standard","has-post-thumbnail","hentry","category-ecuador","category-inicio"],"_links":{"self":[{"href":"https:\/\/www.lodelmomentoloja.com\/index.php?rest_route=\/wp\/v2\/posts\/12629"}],"collection":[{"href":"https:\/\/www.lodelmomentoloja.com\/index.php?rest_route=\/wp\/v2\/posts"}],"about":[{"href":"https:\/\/www.lodelmomentoloja.com\/index.php?rest_route=\/wp\/v2\/types\/post"}],"author":[{"embeddable":true,"href":"https:\/\/www.lodelmomentoloja.com\/index.php?rest_route=\/wp\/v2\/users\/1"}],"replies":[{"embeddable":true,"href":"https:\/\/www.lodelmomentoloja.com\/index.php?rest_route=%2Fwp%2Fv2%2Fcomments&post=12629"}],"version-history":[{"count":1,"href":"https:\/\/www.lodelmomentoloja.com\/index.php?rest_route=\/wp\/v2\/posts\/12629\/revisions"}],"predecessor-version":[{"id":12631,"href":"https:\/\/www.lodelmomentoloja.com\/index.php?rest_route=\/wp\/v2\/posts\/12629\/revisions\/12631"}],"wp:featuredmedia":[{"embeddable":true,"href":"https:\/\/www.lodelmomentoloja.com\/index.php?rest_route=\/wp\/v2\/media\/12630"}],"wp:attachment":[{"href":"https:\/\/www.lodelmomentoloja.com\/index.php?rest_route=%2Fwp%2Fv2%2Fmedia&parent=12629"}],"wp:term":[{"taxonomy":"category","embeddable":true,"href":"https:\/\/www.lodelmomentoloja.com\/index.php?rest_route=%2Fwp%2Fv2%2Fcategories&post=12629"},{"taxonomy":"post_tag","embeddable":true,"href":"https:\/\/www.lodelmomentoloja.com\/index.php?rest_route=%2Fwp%2Fv2%2Ftags&post=12629"}],"curies":[{"name":"wp","href":"https:\/\/api.w.org\/{rel}","templated":true}]}}