{"id":12620,"date":"2022-11-28T08:34:53","date_gmt":"2022-11-28T08:34:53","guid":{"rendered":"https:\/\/www.lodelmomentoloja.com\/?p=12620"},"modified":"2022-11-28T13:37:26","modified_gmt":"2022-11-28T13:37:26","slug":"primer-caso-de-gripe-aviar-en-ecuador","status":"publish","type":"post","link":"https:\/\/www.lodelmomentoloja.com\/?p=12620","title":{"rendered":"Primer caso de gripe aviar en Ecuador"},"content":{"rendered":"<div class=\"uk-sticky-placeholder\"><\/div>\n<p><main id=\"main-content\" class=\"si-page__content\" data-uk-height-viewport=\"offset-bottom: true; offset-top: true; expand: true\" data-height-expand=\"\"><\/p>\n<article class=\"si-detail \">\n<header class=\"si-detail__header\">\n<div class=\"si-detail__header-title\">\n<div class=\"si-grid si-grid--border\">\n<div><\/div>\n<div>\n<h1 class=\"si-detail__title\">Activan cerco epidemiol\u00f3gio tras detectar caso de influenza aviar en Ecuador<\/h1>\n<\/div>\n<\/div>\n<\/div>\n<\/header>\n<div class=\"si-grid\">\n<section class=\"si-detail__content\"><span class=\"show-for-sr\">Este contenido fue publicado el 27 noviembre 2022 &#8211; 15:40<\/span><time class=\"si-detail__date\" datetime=\"2022-11-27T15:40:11+01:00\"><span aria-hidden=\"true\">27 noviembre 2022 &#8211; 15:40<\/span><\/time><\/p>\n<address class=\"si-detail__author\" data-uk-scrollspy=\"hidden: false; repeat: true; offset-top: -50\">\u00a0<\/address>\n<p>Quito, 27 nov (EFE).- Ecuador ha activado un cerco epidemiol\u00f3gico tras detectar el primer caso de influenza aviar en la provincia andina de Cotopaxi, inform\u00f3 este domingo el Ministerio de Agricultura y Ganader\u00eda.<\/p>\n<p>El primer caso de influenza aviar H5 se detect\u00f3 en una granja de producci\u00f3n av\u00edcola en la provincia de Cotopaxi, gracias a los controles que peri\u00f3dicamente efect\u00faa la Agencia de Regulaci\u00f3n y Control Fito y Zoosanitario (Agrocalidad).<\/p>\n<p>Dichos controles se incrementaron ante las alertas presentadas en Colombia, Per\u00fa y M\u00e9xico sobre casos positivos de influenza aviar, una enfermedad altamente pat\u00f3gena.<\/p>\n<p>Durante estos controles se levantaron 24 muestras, correspondientes a la unidad productiva (granja) afectada, la cual se encuentra intervenida, y donde t\u00e9cnicos de Agrocalidad activaron los protocolos establecidos en el Plan Nacional de Contingencia de Influenza Aviar.<\/p>\n<p>Fuente: Swissinfo<\/p>\n<p>#LDMnoticias #lodelmomentolojaLDM<\/p>\n<\/section>\n<\/div>\n<\/article>\n<p><\/main><\/p>\n","protected":false},"excerpt":{"rendered":"<p>Activan cerco epidemiol\u00f3gio tras detectar caso de influenza aviar en Ecuador Este contenido fue publicado&#8230;<\/p>\n","protected":false},"author":1,"featured_media":12621,"comment_status":"open","ping_status":"open","sticky":false,"template":"","format":"standard","meta":{"footnotes":""},"categories":[7,1],"tags":[],"class_list":["post-12620","post","type-post","status-publish","format-standard","has-post-thumbnail","hentry","category-ecuador","category-inicio"],"_links":{"self":[{"href":"https:\/\/www.lodelmomentoloja.com\/index.php?rest_route=\/wp\/v2\/posts\/12620"}],"collection":[{"href":"https:\/\/www.lodelmomentoloja.com\/index.php?rest_route=\/wp\/v2\/posts"}],"about":[{"href":"https:\/\/www.lodelmomentoloja.com\/index.php?rest_route=\/wp\/v2\/types\/post"}],"author":[{"embeddable":true,"href":"https:\/\/www.lodelmomentoloja.com\/index.php?rest_route=\/wp\/v2\/users\/1"}],"replies":[{"embeddable":true,"href":"https:\/\/www.lodelmomentoloja.com\/index.php?rest_route=%2Fwp%2Fv2%2Fcomments&post=12620"}],"version-history":[{"count":1,"href":"https:\/\/www.lodelmomentoloja.com\/index.php?rest_route=\/wp\/v2\/posts\/12620\/revisions"}],"predecessor-version":[{"id":12622,"href":"https:\/\/www.lodelmomentoloja.com\/index.php?rest_route=\/wp\/v2\/posts\/12620\/revisions\/12622"}],"wp:featuredmedia":[{"embeddable":true,"href":"https:\/\/www.lodelmomentoloja.com\/index.php?rest_route=\/wp\/v2\/media\/12621"}],"wp:attachment":[{"href":"https:\/\/www.lodelmomentoloja.com\/index.php?rest_route=%2Fwp%2Fv2%2Fmedia&parent=12620"}],"wp:term":[{"taxonomy":"category","embeddable":true,"href":"https:\/\/www.lodelmomentoloja.com\/index.php?rest_route=%2Fwp%2Fv2%2Fcategories&post=12620"},{"taxonomy":"post_tag","embeddable":true,"href":"https:\/\/www.lodelmomentoloja.com\/index.php?rest_route=%2Fwp%2Fv2%2Ftags&post=12620"}],"curies":[{"name":"wp","href":"https:\/\/api.w.org\/{rel}","templated":true}]}}