{"id":12526,"date":"2022-11-23T07:07:09","date_gmt":"2022-11-23T07:07:09","guid":{"rendered":"https:\/\/www.lodelmomentoloja.com\/?p=12526"},"modified":"2022-11-23T12:38:40","modified_gmt":"2022-11-23T12:38:40","slug":"asamblea-declara-el-18-de-noviembre-como-dia-nacional-de-las-artes-vivas-y-escenicas-en-el-ecuador","status":"publish","type":"post","link":"https:\/\/www.lodelmomentoloja.com\/?p=12526","title":{"rendered":"Asamblea declara el 18 de noviembre como d\u00eda Nacional de las Artes Vivas y Esc\u00e9nicas en el Ecuador"},"content":{"rendered":"<p>La Asamblea Nacional, con <strong>120 votos afirmativos, declar\u00f3 el 18 de noviembre de cada a\u00f1o como el D\u00eda Nacional de las Artes Vivas y Esc\u00e9nicas en el Ecuador, como reconocimiento del aporte de Loja en el desarrollo y promoci\u00f3n de la cultura a nivel nacional e internacional<\/strong>. Esta declaratoria tiene como objetivo valorar, difundir, visibilizar, fomentar, promover, impulsar y reconocer al arte y la cultura desde sus distintos \u00e1mbitos.<\/p>\n<p>En la resoluci\u00f3n, exige al Estado ecuatoriano que, por intermedio de las instituciones rectoras de la Funci\u00f3n Ejecutiva, relacionadas con la econom\u00eda y finanzas; as\u00ed como, la cultura y el patrimonio, ejecuten las acciones de planificaci\u00f3n, gesti\u00f3n y financiamiento que se requieran para la difusi\u00f3n medi\u00e1tica y promoci\u00f3n de esta declaratoria, a trav\u00e9s de la entrega efectiva de los recursos necesarios para celebrar anualmente el \u201cFestival Internacional de Artes Vivas de Loja\u201d.<\/p>\n<p>As\u00ed mismo, exhorta al Gobierno Nacional a cumplir las obligaciones establecidas en la Ley para la Institucionalizaci\u00f3n del Festival Internacional de Artes Vivas de Loja como Espacio de Encuentro y Fomento de las Expresiones Culturales e Identidad del Ecuador.<\/p>\n<p><strong>Johanna Ortiz, proponente de la resoluci\u00f3n<\/strong>, subray\u00f3 que es necesario fortalecer el arte y la cultura, que son manifestaciones que se resaltan en la Constituci\u00f3n de la Rep\u00fablica, por ello es imprescindible realizar un seguimiento de la pol\u00edtica p\u00fablica en materia de apoyo a las expresiones art\u00edsticas y culturales.<\/p>\n<p><strong>El reconocimiento del D\u00eda Nacional de las Artes Vivas y Esc\u00e9nicas en el Ecuador<\/strong>, si bien <strong>se realiza en el contexto de la conmemoraci\u00f3n de la independencia de la ciudad de Loja<\/strong>, en realidad acoge, <strong>protege y proyecta el derecho a la expresi\u00f3n cultural y art\u00edstica de todos los ecuatorianos<\/strong>, a\u00f1adi\u00f3.<\/p>\n<p><img loading=\"lazy\" decoding=\"async\" class=\"alignnone wp-image-12528 size-large\" src=\"http:\/\/www.lodelmomentoloja.com\/wp-content\/uploads\/2022\/11\/captura-de-pantalla-2022-10-21-a-las-154722-1024x659.png\" alt=\"\" width=\"640\" height=\"412\" srcset=\"https:\/\/www.lodelmomentoloja.com\/wp-content\/uploads\/2022\/11\/captura-de-pantalla-2022-10-21-a-las-154722-1024x659.png 1024w, https:\/\/www.lodelmomentoloja.com\/wp-content\/uploads\/2022\/11\/captura-de-pantalla-2022-10-21-a-las-154722-300x193.png 300w, https:\/\/www.lodelmomentoloja.com\/wp-content\/uploads\/2022\/11\/captura-de-pantalla-2022-10-21-a-las-154722-768x494.png 768w, https:\/\/www.lodelmomentoloja.com\/wp-content\/uploads\/2022\/11\/captura-de-pantalla-2022-10-21-a-las-154722-640x412.png 640w, https:\/\/www.lodelmomentoloja.com\/wp-content\/uploads\/2022\/11\/captura-de-pantalla-2022-10-21-a-las-154722-1536x988.png 1536w, https:\/\/www.lodelmomentoloja.com\/wp-content\/uploads\/2022\/11\/captura-de-pantalla-2022-10-21-a-las-154722-2048x1317.png 2048w\" sizes=\"(max-width: 640px) 100vw, 640px\" \/><\/p>\n<p><strong>Legislador propon\u00eda cambiar la fecha del FIAVL<\/strong><\/p>\n<p>Por otro lado, hay que recordar, que el Asamble\u00edsta lojano Byron Maldonado, buscaba cambiar de fecha el Festival Internacional de Artes Vivas de Loja para que coincida con las festividades de Cuenca en el feriado nacional, algo que fue criticado por otros legisladores. \u201cEs importante <strong>aprovechar la oportunidad<\/strong> que tenemos de <strong>iniciar el FIAVL el primer feriado de noviembre<\/strong>, que es <strong>uno de los feriados m\u00e1s largos que tiene el Ecuador<\/strong>. No tiene nada que ver con querer atar el festival a las fiestas de Cuenca\u201d, agreg\u00f3. Sin embargo, con esta declaratoria de la Asamblea Nacional, las intenciones de cambiar de fecha se quedan frustradas.<\/p>\n<p><em>Noticia del 06 octubre 2022<\/em><\/p>\n<blockquote class=\"wp-embedded-content\" data-secret=\"ddI6vm7wjv\"><p><a href=\"https:\/\/www.lodelmomentoloja.com\/?p=11737\">Byron Maldonado propone cambios para el FIAVL 2022<\/a><\/p><\/blockquote>\n<p><iframe loading=\"lazy\" class=\"wp-embedded-content\" sandbox=\"allow-scripts\" security=\"restricted\" style=\"position: absolute; visibility: hidden;\" title=\"\u00abByron Maldonado propone cambios para el FIAVL 2022\u00bb \u2014 \" src=\"https:\/\/www.lodelmomentoloja.com\/?p=11737&#038;embed=true#?secret=I58T8DsQA9#?secret=ddI6vm7wjv\" data-secret=\"ddI6vm7wjv\" width=\"600\" height=\"338\" frameborder=\"0\" marginwidth=\"0\" marginheight=\"0\" scrolling=\"no\"><\/iframe><\/p>\n<p><em>S\u00edguenos #LDMnoticias \u00f3 #lodelmomentolojaLDM<\/em><\/p>\n","protected":false},"excerpt":{"rendered":"<p>La Asamblea Nacional, con 120 votos afirmativos, declar\u00f3 el 18 de noviembre de cada a\u00f1o&#8230;<\/p>\n","protected":false},"author":1,"featured_media":12527,"comment_status":"open","ping_status":"open","sticky":false,"template":"","format":"standard","meta":{"footnotes":""},"categories":[1,5],"tags":[],"class_list":["post-12526","post","type-post","status-publish","format-standard","has-post-thumbnail","hentry","category-inicio","category-loja"],"_links":{"self":[{"href":"https:\/\/www.lodelmomentoloja.com\/index.php?rest_route=\/wp\/v2\/posts\/12526"}],"collection":[{"href":"https:\/\/www.lodelmomentoloja.com\/index.php?rest_route=\/wp\/v2\/posts"}],"about":[{"href":"https:\/\/www.lodelmomentoloja.com\/index.php?rest_route=\/wp\/v2\/types\/post"}],"author":[{"embeddable":true,"href":"https:\/\/www.lodelmomentoloja.com\/index.php?rest_route=\/wp\/v2\/users\/1"}],"replies":[{"embeddable":true,"href":"https:\/\/www.lodelmomentoloja.com\/index.php?rest_route=%2Fwp%2Fv2%2Fcomments&post=12526"}],"version-history":[{"count":1,"href":"https:\/\/www.lodelmomentoloja.com\/index.php?rest_route=\/wp\/v2\/posts\/12526\/revisions"}],"predecessor-version":[{"id":12529,"href":"https:\/\/www.lodelmomentoloja.com\/index.php?rest_route=\/wp\/v2\/posts\/12526\/revisions\/12529"}],"wp:featuredmedia":[{"embeddable":true,"href":"https:\/\/www.lodelmomentoloja.com\/index.php?rest_route=\/wp\/v2\/media\/12527"}],"wp:attachment":[{"href":"https:\/\/www.lodelmomentoloja.com\/index.php?rest_route=%2Fwp%2Fv2%2Fmedia&parent=12526"}],"wp:term":[{"taxonomy":"category","embeddable":true,"href":"https:\/\/www.lodelmomentoloja.com\/index.php?rest_route=%2Fwp%2Fv2%2Fcategories&post=12526"},{"taxonomy":"post_tag","embeddable":true,"href":"https:\/\/www.lodelmomentoloja.com\/index.php?rest_route=%2Fwp%2Fv2%2Ftags&post=12526"}],"curies":[{"name":"wp","href":"https:\/\/api.w.org\/{rel}","templated":true}]}}