{"id":12431,"date":"2022-11-14T15:17:55","date_gmt":"2022-11-14T15:17:55","guid":{"rendered":"http:\/\/www.lodelmomentoloja.com\/?p=12431"},"modified":"2022-11-14T20:27:51","modified_gmt":"2022-11-14T20:27:51","slug":"tnte-crnl-fue-dado-de-baja-caso-bernal","status":"publish","type":"post","link":"https:\/\/www.lodelmomentoloja.com\/?p=12431","title":{"rendered":"Tnte. Crnl. Fue dado de baja (Caso Bernal)"},"content":{"rendered":"<p>#Ecuador | Luego de m\u00e1s de dos meses del femicidio de Mar\u00eda Bel\u00e9n Bernal en el interior de la Escuela Superior de Polic\u00eda, el teniente coronel Freddy Jara, quien tambi\u00e9n se desempe\u00f1\u00f3 como director encargado de esta dependencia, recibi\u00f3 la baja.<\/p>\n<p>&nbsp;<\/p>\n<p>Erick Huilca, abogado de Jara, confirm\u00f3 a Diario El Universio, que al oficial le dieron la resoluci\u00f3n de manera oral. Indic\u00f3 que el argumento es que supuestamente hubo un abuso de facultades al no haber emitido disposiciones por escrito.<\/p>\n<p>\u201cEs bastante contradictorio, porque, por una parte, el abuso hace referencia a una acci\u00f3n, pero le sancionan por omisi\u00f3n. Hab\u00eda ya una disposici\u00f3n desde el Ministerio del Interior de que se cumpla con esa baja\u201d, afirm\u00f3 Huilca.<\/p>\n<p>V\u00eda: El Universo<\/p>\n<p>www.lodelmomentoloja.com<\/p>\n<p>#LDMnoticias #lodelmomentolojaLDM<\/p>\n","protected":false},"excerpt":{"rendered":"<p>#Ecuador | Luego de m\u00e1s de dos meses del femicidio de Mar\u00eda Bel\u00e9n Bernal en&#8230;<\/p>\n","protected":false},"author":1,"featured_media":12432,"comment_status":"open","ping_status":"open","sticky":false,"template":"","format":"standard","meta":{"footnotes":""},"categories":[7,1],"tags":[],"class_list":["post-12431","post","type-post","status-publish","format-standard","has-post-thumbnail","hentry","category-ecuador","category-inicio"],"_links":{"self":[{"href":"https:\/\/www.lodelmomentoloja.com\/index.php?rest_route=\/wp\/v2\/posts\/12431"}],"collection":[{"href":"https:\/\/www.lodelmomentoloja.com\/index.php?rest_route=\/wp\/v2\/posts"}],"about":[{"href":"https:\/\/www.lodelmomentoloja.com\/index.php?rest_route=\/wp\/v2\/types\/post"}],"author":[{"embeddable":true,"href":"https:\/\/www.lodelmomentoloja.com\/index.php?rest_route=\/wp\/v2\/users\/1"}],"replies":[{"embeddable":true,"href":"https:\/\/www.lodelmomentoloja.com\/index.php?rest_route=%2Fwp%2Fv2%2Fcomments&post=12431"}],"version-history":[{"count":1,"href":"https:\/\/www.lodelmomentoloja.com\/index.php?rest_route=\/wp\/v2\/posts\/12431\/revisions"}],"predecessor-version":[{"id":12433,"href":"https:\/\/www.lodelmomentoloja.com\/index.php?rest_route=\/wp\/v2\/posts\/12431\/revisions\/12433"}],"wp:featuredmedia":[{"embeddable":true,"href":"https:\/\/www.lodelmomentoloja.com\/index.php?rest_route=\/wp\/v2\/media\/12432"}],"wp:attachment":[{"href":"https:\/\/www.lodelmomentoloja.com\/index.php?rest_route=%2Fwp%2Fv2%2Fmedia&parent=12431"}],"wp:term":[{"taxonomy":"category","embeddable":true,"href":"https:\/\/www.lodelmomentoloja.com\/index.php?rest_route=%2Fwp%2Fv2%2Fcategories&post=12431"},{"taxonomy":"post_tag","embeddable":true,"href":"https:\/\/www.lodelmomentoloja.com\/index.php?rest_route=%2Fwp%2Fv2%2Ftags&post=12431"}],"curies":[{"name":"wp","href":"https:\/\/api.w.org\/{rel}","templated":true}]}}