{"id":12409,"date":"2022-11-11T16:00:13","date_gmt":"2022-11-11T16:00:13","guid":{"rendered":"http:\/\/www.lodelmomentoloja.com\/?p=12409"},"modified":"2022-11-11T21:16:23","modified_gmt":"2022-11-11T21:16:23","slug":"investigadores-utpl-descubren-nuevo-genero-y-especie-de-planta-en-el-sur-del-pais","status":"publish","type":"post","link":"https:\/\/www.lodelmomentoloja.com\/?p=12409","title":{"rendered":"Investigadores UTPL descubren nuevo g\u00e9nero y especie de planta en el sur del pa\u00eds"},"content":{"rendered":"<p><em>Con el descubrimiento de un nuevo g\u00e9nero y especie vegetal \u201cVivaria calvasensis\u201d se marca un hecho hist\u00f3rico para la Bot\u00e1nica en Ecuador, ya que desde hace 22 a\u00f1os no se han hecho descripciones similares en esa categor\u00eda taxon\u00f3mica. <\/em><\/p>\n<p>En el cant\u00f3n Calvas, al sur occidente de la provincia de Loja, se descubri\u00f3 un nuevo g\u00e9nero y una nueva especie vegetal. Se trata de la especie <strong>\u201c<em>Vivaria calvasensis\u201d, <\/em>que es una planta de la familia de las Araceae<\/strong>, marcando as\u00ed un hito hist\u00f3rico, ya que hace 22 a\u00f1os no se han determinado g\u00e9neros nuevos para la flora ecuatoriana.\u00a0 Este descubrimiento se realiz\u00f3 gracias al <strong>grupo de investigaci\u00f3n de biodiversidad de ecosistemas tropicales (BIETROP)<\/strong> de la Universidad T\u00e9cnica Particular de Loja (UTPL).<\/p>\n<p>La especie \u201c<em>Vivaria calvasensis\u201d <\/em>habita en los valles interandinos semi\u00e1ridos y pertenece a la tribu <em>Spathicarpeae<\/em><strong>. La determinaci\u00f3n de este nuevo g\u00e9nero se apoya en evidencia molecular y rasgos morfol\u00f3gicos analizados durante 4 a\u00f1os por el grupo de investigadores de la UTPL en el cant\u00f3n Calvas<\/strong>.<\/p>\n<p>Omar Cabrera Cisneros, docente de la UTPL, explica que esta investigaci\u00f3n inici\u00f3 con la ayuda de un investigador brasile\u00f1o, quien al ver fotos del esp\u00e9cimen colectado motiv\u00f3 a levantar la informaci\u00f3n, manifestando que se trataba de una nueva especie. <strong>Las muestras bot\u00e1nicas que se obtuvieron de la especie fueron analizadas en el herbario UTPL<\/strong>. Finalmente, se determin\u00f3 que el g\u00e9nero y la especie era nueva y posiblemente end\u00e9mica, puesto que no se han encontrado hasta el momento nuevos registros en otras latitudes.<\/p>\n<p>El estudio bot\u00e1nico motiva a los investigadores a plantear nuevos retos en torno al descubrimiento de especies en el sur del pa\u00eds. Adem\u00e1s, que el hallazgo contribuye a generar acciones de conservaci\u00f3n en la comunidad para proteger a estas especies y aportar as\u00ed a la biodiversidad del sur del pa\u00eds.<\/p>\n<p><img loading=\"lazy\" decoding=\"async\" class=\"alignnone wp-image-12411 size-large\" src=\"http:\/\/www.lodelmomentoloja.com\/wp-content\/uploads\/2022\/11\/frdeswaq-1024x693.jpg\" alt=\"\" width=\"640\" height=\"433\" srcset=\"https:\/\/www.lodelmomentoloja.com\/wp-content\/uploads\/2022\/11\/frdeswaq-1024x693.jpg 1024w, https:\/\/www.lodelmomentoloja.com\/wp-content\/uploads\/2022\/11\/frdeswaq-300x203.jpg 300w, https:\/\/www.lodelmomentoloja.com\/wp-content\/uploads\/2022\/11\/frdeswaq-768x520.jpg 768w, https:\/\/www.lodelmomentoloja.com\/wp-content\/uploads\/2022\/11\/frdeswaq-640x433.jpg 640w, https:\/\/www.lodelmomentoloja.com\/wp-content\/uploads\/2022\/11\/frdeswaq.jpg 1280w\" sizes=\"(max-width: 640px) 100vw, 640px\" \/><\/p>\n<p><strong>Investigaci\u00f3n <\/strong><\/p>\n<p>Omar Cabrera, Fanny Tinitana, Nixon Cumbicus y Paulo Herrera, docentes de la carrera de Biolog\u00eda, formaron parte de esta investigaci\u00f3n en coordinaci\u00f3n con el investigador argentino An\u00edbal Prina de la Universidad de La Pampa. <strong>El art\u00edculo cient\u00edfico sobre la especie vegetal fue publicado en la revista cient\u00edfica internacional \u201cPlos One\u201d, aportando de esta forma a la investigaci\u00f3n que se realiza desde el sur del pa\u00eds<\/strong>.<\/p>\n<p>En el art\u00edculo se explican los detalles cient\u00edficos de la morfolog\u00eda de la especie y de los elementos que la componen, as\u00ed como la comparaci\u00f3n con otras especies emparentadas de la tribu y el detalle de los rasgos que caracterizan a la <strong>especie \u201c<em>Vivaria calvasensis\u201d<\/em><\/strong> y c\u00f3mo aportar a su conservaci\u00f3n<em>.<\/em><\/p>\n<p>&nbsp;<\/p>\n<p><em>S\u00edguenos #LDMnoticias \u00f3 #lodelmomentolojaLDM<\/em><\/p>\n","protected":false},"excerpt":{"rendered":"<p>Con el descubrimiento de un nuevo g\u00e9nero y especie vegetal \u201cVivaria calvasensis\u201d se marca un&#8230;<\/p>\n","protected":false},"author":1,"featured_media":12410,"comment_status":"open","ping_status":"open","sticky":false,"template":"","format":"standard","meta":{"footnotes":""},"categories":[1,5],"tags":[],"class_list":["post-12409","post","type-post","status-publish","format-standard","has-post-thumbnail","hentry","category-inicio","category-loja"],"_links":{"self":[{"href":"https:\/\/www.lodelmomentoloja.com\/index.php?rest_route=\/wp\/v2\/posts\/12409"}],"collection":[{"href":"https:\/\/www.lodelmomentoloja.com\/index.php?rest_route=\/wp\/v2\/posts"}],"about":[{"href":"https:\/\/www.lodelmomentoloja.com\/index.php?rest_route=\/wp\/v2\/types\/post"}],"author":[{"embeddable":true,"href":"https:\/\/www.lodelmomentoloja.com\/index.php?rest_route=\/wp\/v2\/users\/1"}],"replies":[{"embeddable":true,"href":"https:\/\/www.lodelmomentoloja.com\/index.php?rest_route=%2Fwp%2Fv2%2Fcomments&post=12409"}],"version-history":[{"count":1,"href":"https:\/\/www.lodelmomentoloja.com\/index.php?rest_route=\/wp\/v2\/posts\/12409\/revisions"}],"predecessor-version":[{"id":12412,"href":"https:\/\/www.lodelmomentoloja.com\/index.php?rest_route=\/wp\/v2\/posts\/12409\/revisions\/12412"}],"wp:featuredmedia":[{"embeddable":true,"href":"https:\/\/www.lodelmomentoloja.com\/index.php?rest_route=\/wp\/v2\/media\/12410"}],"wp:attachment":[{"href":"https:\/\/www.lodelmomentoloja.com\/index.php?rest_route=%2Fwp%2Fv2%2Fmedia&parent=12409"}],"wp:term":[{"taxonomy":"category","embeddable":true,"href":"https:\/\/www.lodelmomentoloja.com\/index.php?rest_route=%2Fwp%2Fv2%2Fcategories&post=12409"},{"taxonomy":"post_tag","embeddable":true,"href":"https:\/\/www.lodelmomentoloja.com\/index.php?rest_route=%2Fwp%2Fv2%2Ftags&post=12409"}],"curies":[{"name":"wp","href":"https:\/\/api.w.org\/{rel}","templated":true}]}}