{"id":12379,"date":"2022-11-10T14:37:44","date_gmt":"2022-11-10T14:37:44","guid":{"rendered":"http:\/\/www.lodelmomentoloja.com\/?p=12379"},"modified":"2022-11-10T19:39:28","modified_gmt":"2022-11-10T19:39:28","slug":"villavicencio-queda-suspendido-por-31-dias-de-la-asamblea-nacional","status":"publish","type":"post","link":"https:\/\/www.lodelmomentoloja.com\/?p=12379","title":{"rendered":"Villavicencio queda suspendido por 31 d\u00edas de la Asamblea Nacional"},"content":{"rendered":"<p>El legislador y presidente de la Comisi\u00f3n de Fiscalizaci\u00f3n, Fernando Villavicencio, confirm\u00f3, la ma\u00f1ana de este mi\u00e9rcoles 10 de noviembre del 2022, que el Consejo de Administraci\u00f3n Legislativa (CAL) lo suspendi\u00f3 por 31 d\u00edas.<\/p>\n<p>El pedido de suspensi\u00f3n obtuvo cinco votos a favor, los del presidente de la Asamblea Nacional, Virgilio Saquicela Espinoza (independiente); la primera vicepresidenta, Marcela Holgu\u00edn (UNES); el segundo vicepresidente, Darwin Pereira (Pachakutik); y los vocales Esteban Torres (Partido Social Cristiano) y Ronny Aleaga (UNES).<\/p>\n<p>La legisladora Nathalie Arias (BAN) se abstuvo y Johana Moreira (ID) no particip\u00f3 en la sesi\u00f3n.<\/p>\n<p>Via: El Universo<\/p>\n","protected":false},"excerpt":{"rendered":"<p>El legislador y presidente de la Comisi\u00f3n de Fiscalizaci\u00f3n, Fernando Villavicencio, confirm\u00f3, la ma\u00f1ana de&#8230;<\/p>\n","protected":false},"author":1,"featured_media":12380,"comment_status":"open","ping_status":"open","sticky":false,"template":"","format":"standard","meta":{"footnotes":""},"categories":[7,1],"tags":[],"class_list":["post-12379","post","type-post","status-publish","format-standard","has-post-thumbnail","hentry","category-ecuador","category-inicio"],"_links":{"self":[{"href":"https:\/\/www.lodelmomentoloja.com\/index.php?rest_route=\/wp\/v2\/posts\/12379"}],"collection":[{"href":"https:\/\/www.lodelmomentoloja.com\/index.php?rest_route=\/wp\/v2\/posts"}],"about":[{"href":"https:\/\/www.lodelmomentoloja.com\/index.php?rest_route=\/wp\/v2\/types\/post"}],"author":[{"embeddable":true,"href":"https:\/\/www.lodelmomentoloja.com\/index.php?rest_route=\/wp\/v2\/users\/1"}],"replies":[{"embeddable":true,"href":"https:\/\/www.lodelmomentoloja.com\/index.php?rest_route=%2Fwp%2Fv2%2Fcomments&post=12379"}],"version-history":[{"count":1,"href":"https:\/\/www.lodelmomentoloja.com\/index.php?rest_route=\/wp\/v2\/posts\/12379\/revisions"}],"predecessor-version":[{"id":12381,"href":"https:\/\/www.lodelmomentoloja.com\/index.php?rest_route=\/wp\/v2\/posts\/12379\/revisions\/12381"}],"wp:featuredmedia":[{"embeddable":true,"href":"https:\/\/www.lodelmomentoloja.com\/index.php?rest_route=\/wp\/v2\/media\/12380"}],"wp:attachment":[{"href":"https:\/\/www.lodelmomentoloja.com\/index.php?rest_route=%2Fwp%2Fv2%2Fmedia&parent=12379"}],"wp:term":[{"taxonomy":"category","embeddable":true,"href":"https:\/\/www.lodelmomentoloja.com\/index.php?rest_route=%2Fwp%2Fv2%2Fcategories&post=12379"},{"taxonomy":"post_tag","embeddable":true,"href":"https:\/\/www.lodelmomentoloja.com\/index.php?rest_route=%2Fwp%2Fv2%2Ftags&post=12379"}],"curies":[{"name":"wp","href":"https:\/\/api.w.org\/{rel}","templated":true}]}}