{"id":12353,"date":"2022-11-09T09:28:57","date_gmt":"2022-11-09T09:28:57","guid":{"rendered":"http:\/\/www.lodelmomentoloja.com\/?p=12353"},"modified":"2022-11-09T15:32:20","modified_gmt":"2022-11-09T15:32:20","slug":"lasso-no-acudira-a-la-inauguracion-del-mundial-qatar-2022","status":"publish","type":"post","link":"https:\/\/www.lodelmomentoloja.com\/?p=12353","title":{"rendered":"Lasso no acudir\u00e1 a la inauguraci\u00f3n del Mundial Qatar 2022"},"content":{"rendered":"<p>El primer mandatario comunic\u00f3 al Emir de Qatar que no asistir\u00e1 a la ceremonia de inauguraci\u00f3n de la Copa del Mundo y que en su lugar ha delegado al vicepresidente Alfredo Borrero.E<\/p>\n<p>presidente Guillermo Lasso se excus\u00f3 de asistir al partido inaugural de la Tri en el Mundial de Qatar 2022, debido a la crisis de seguridad que atraviesa el pa\u00eds.<\/p>\n<p>Aunque en primera instancia, Pascual del Cioppo, confirm\u00f3 la presencia de Lasso en el encuentro, este mi\u00e9rcoles 9 de noviembre la Secretar\u00eda Nacional de Comunicaci\u00f3n inform\u00f3 que no acudir\u00e1.<\/p>\n<p>V\u00eda: Primicias<\/p>\n<p>#LDMnoticias #lodelmomentolojaLDM<\/p>\n","protected":false},"excerpt":{"rendered":"<p>El primer mandatario comunic\u00f3 al Emir de Qatar que no asistir\u00e1 a la ceremonia de&#8230;<\/p>\n","protected":false},"author":1,"featured_media":12354,"comment_status":"open","ping_status":"open","sticky":false,"template":"","format":"standard","meta":{"footnotes":""},"categories":[1],"tags":[],"class_list":["post-12353","post","type-post","status-publish","format-standard","has-post-thumbnail","hentry","category-inicio"],"_links":{"self":[{"href":"https:\/\/www.lodelmomentoloja.com\/index.php?rest_route=\/wp\/v2\/posts\/12353"}],"collection":[{"href":"https:\/\/www.lodelmomentoloja.com\/index.php?rest_route=\/wp\/v2\/posts"}],"about":[{"href":"https:\/\/www.lodelmomentoloja.com\/index.php?rest_route=\/wp\/v2\/types\/post"}],"author":[{"embeddable":true,"href":"https:\/\/www.lodelmomentoloja.com\/index.php?rest_route=\/wp\/v2\/users\/1"}],"replies":[{"embeddable":true,"href":"https:\/\/www.lodelmomentoloja.com\/index.php?rest_route=%2Fwp%2Fv2%2Fcomments&post=12353"}],"version-history":[{"count":1,"href":"https:\/\/www.lodelmomentoloja.com\/index.php?rest_route=\/wp\/v2\/posts\/12353\/revisions"}],"predecessor-version":[{"id":12355,"href":"https:\/\/www.lodelmomentoloja.com\/index.php?rest_route=\/wp\/v2\/posts\/12353\/revisions\/12355"}],"wp:featuredmedia":[{"embeddable":true,"href":"https:\/\/www.lodelmomentoloja.com\/index.php?rest_route=\/wp\/v2\/media\/12354"}],"wp:attachment":[{"href":"https:\/\/www.lodelmomentoloja.com\/index.php?rest_route=%2Fwp%2Fv2%2Fmedia&parent=12353"}],"wp:term":[{"taxonomy":"category","embeddable":true,"href":"https:\/\/www.lodelmomentoloja.com\/index.php?rest_route=%2Fwp%2Fv2%2Fcategories&post=12353"},{"taxonomy":"post_tag","embeddable":true,"href":"https:\/\/www.lodelmomentoloja.com\/index.php?rest_route=%2Fwp%2Fv2%2Ftags&post=12353"}],"curies":[{"name":"wp","href":"https:\/\/api.w.org\/{rel}","templated":true}]}}