{"id":12304,"date":"2022-11-07T07:20:42","date_gmt":"2022-11-07T07:20:42","guid":{"rendered":"https:\/\/www.lodelmomentoloja.com\/?p=12304"},"modified":"2022-11-07T12:35:23","modified_gmt":"2022-11-07T12:35:23","slug":"reduccion-de-presupuesto-a-instituciones-de-seguridad","status":"publish","type":"post","link":"https:\/\/www.lodelmomentoloja.com\/?p=12304","title":{"rendered":"Reducci\u00f3n de presupuesto a instituciones de seguridad"},"content":{"rendered":"<p>En la proforma 2023 presentada por el presidente Lasso <strong>disminuye el presupuesto para la Polic\u00eda Nacional (USD 6 millones)<\/strong>, el <strong>plan de Desnutrici\u00f3n Infantil y la Secretar\u00eda de Derechos Humanos<\/strong>. Mientras que, para el Ministerio de Defensa su presupuesto incrementar\u00e1 unos USD 50 millones.<\/p>\n<h3><strong>Seguridad<\/strong><\/h3>\n<p>A pesar de la ola de violencia desatada en las penitenciarias y los elevados niveles de inseguridad en el pa\u00eds, el Gobierno Nacional pretende reducir USD 6 millones para el presupuesto de la Polic\u00eda. Es decir, de todo el presupuesto distribuido por el Gobierno para el 2023, la Instituci\u00f3n recibir\u00e1 solo USD 2 millones aproximadamente. Una situaci\u00f3n que no ocurre con el Ministerio de Defensa. Seg\u00fan la proforma de Lasso, este Ministerio incrementar\u00e1 su presupuesto en USD 50 millones aproximadamente.<\/p>\n<p><img loading=\"lazy\" decoding=\"async\" class=\"alignnone wp-image-12305 \" src=\"http:\/\/www.lodelmomentoloja.com\/wp-content\/uploads\/2022\/11\/rfdew-824x1024.jpg\" alt=\"\" width=\"451\" height=\"560\" srcset=\"https:\/\/www.lodelmomentoloja.com\/wp-content\/uploads\/2022\/11\/rfdew-824x1024.jpg 824w, https:\/\/www.lodelmomentoloja.com\/wp-content\/uploads\/2022\/11\/rfdew-241x300.jpg 241w, https:\/\/www.lodelmomentoloja.com\/wp-content\/uploads\/2022\/11\/rfdew-768x954.jpg 768w, https:\/\/www.lodelmomentoloja.com\/wp-content\/uploads\/2022\/11\/rfdew-640x795.jpg 640w, https:\/\/www.lodelmomentoloja.com\/wp-content\/uploads\/2022\/11\/rfdew.jpg 846w\" sizes=\"(max-width: 451px) 100vw, 451px\" \/><\/p>\n<p>El director de Exponiental Research, Hanns Soledispa explic\u00f3 para\u00a0<em>Primicias\u00a0<\/em>que el mayor porcentaje de gastos de las instituciones de seguridad tienen que ver con los salarios y no se pueden pagar con pr\u00e9stamos. Adem\u00e1s, se\u00f1al\u00f3 que por la crisis que atraviesa el Ecuador se esperaban m\u00e1s recursos por parte del Gobierno. Sin embargo, lo que pretenden es reducir los gastos para controlar las cifras de endeudamiento.<\/p>\n<p>Mientras tanto, el asamble\u00edsta por CREO Byron Maldonado a trav\u00e9s de Twitter propuso la uni\u00f3n de empresas, mec\u00e1nicas, ingenieros automotrices y autoridades para arreglar los veh\u00edculos y motos de la Polic\u00eda. Entonces, \u00bfEsta \u201cgran iniciativa\u201d compensa la reducci\u00f3n presupuestaria que proponen para la Polic\u00eda Nacional? \u00bfA caso los gastos ser\u00e1n solventados con la uni\u00f3n que propone o al poco tiempo subir\u00e1n los impuestos a los ciudadanos para \u201ccompensar\u201d este \u201capoyo\u201d?<\/p>\n<h3><strong>Plan de Desnutrici\u00f3n Infantil<\/strong><\/h3>\n<p>Este es otro sector a la deriva. El Gobierno reducir\u00e1 su presupuesto en USD 3 millones aproximadamente. \u00bfQu\u00e9 gastos extras puede presentar un plan que busca erradicar con la desnutrici\u00f3n infantil en el pa\u00eds? Seg\u00fan Lasso, hasta el 2025. pretend\u00eda desembolsar cerca de USD dos millones para acabar con este problema. Desde el inicio de su candidatura anunci\u00f3 que este ser\u00eda una de sus prioridades, pero 18 meses m\u00e1s tarde se contradice al reducir el presupuesto.<\/p>\n<p>\u201cLasso hace una reducci\u00f3n presupuestaria importante en instituciones vitales para el pa\u00eds (\u2026) Esto refleja la indiferencia del presidente con la seguridad ciudadana\u201d, expres\u00f3 el candidato a Consejero del Cpccs, Eduardo Loor en Facebook.<\/p>\n<p><img loading=\"lazy\" decoding=\"async\" class=\"alignnone wp-image-12306 \" src=\"http:\/\/www.lodelmomentoloja.com\/wp-content\/uploads\/2022\/11\/frwd-638x1024.jpg\" alt=\"\" width=\"447\" height=\"717\" srcset=\"https:\/\/www.lodelmomentoloja.com\/wp-content\/uploads\/2022\/11\/frwd-638x1024.jpg 638w, https:\/\/www.lodelmomentoloja.com\/wp-content\/uploads\/2022\/11\/frwd-187x300.jpg 187w, https:\/\/www.lodelmomentoloja.com\/wp-content\/uploads\/2022\/11\/frwd-640x1028.jpg 640w, https:\/\/www.lodelmomentoloja.com\/wp-content\/uploads\/2022\/11\/frwd.jpg 754w\" sizes=\"(max-width: 447px) 100vw, 447px\" \/><\/p>\n<p><strong>Derechos Humanos<\/strong><\/p>\n<p>Por otro lado, la Secretar\u00eda de Derechos Humanos, para el 2023 recibir\u00e1 aproximadamente USD seis millones menos en su presupuesto general. \u201cSi Lasso desprecia a la desnutrici\u00f3n infantil y la lucha por los Derechos Humanos y no robustece la Polic\u00eda Nacional \u00bfC\u00f3mo va a reducir la criminalidad organizada?\u201d, detall\u00f3 Loor.\u00a0<strong>(N.J.C)<\/strong><\/p>\n<p>Fuente: Radio La Calle<\/p>\n<p><em>S\u00edguenos #LDMnoticias \u00f3 #lodelmomentolojaLDM<\/em><\/p>\n","protected":false},"excerpt":{"rendered":"<p>En la proforma 2023 presentada por el presidente Lasso disminuye el presupuesto para la Polic\u00eda&#8230;<\/p>\n","protected":false},"author":1,"featured_media":12307,"comment_status":"open","ping_status":"open","sticky":false,"template":"","format":"standard","meta":{"footnotes":""},"categories":[7,1],"tags":[],"class_list":["post-12304","post","type-post","status-publish","format-standard","has-post-thumbnail","hentry","category-ecuador","category-inicio"],"_links":{"self":[{"href":"https:\/\/www.lodelmomentoloja.com\/index.php?rest_route=\/wp\/v2\/posts\/12304"}],"collection":[{"href":"https:\/\/www.lodelmomentoloja.com\/index.php?rest_route=\/wp\/v2\/posts"}],"about":[{"href":"https:\/\/www.lodelmomentoloja.com\/index.php?rest_route=\/wp\/v2\/types\/post"}],"author":[{"embeddable":true,"href":"https:\/\/www.lodelmomentoloja.com\/index.php?rest_route=\/wp\/v2\/users\/1"}],"replies":[{"embeddable":true,"href":"https:\/\/www.lodelmomentoloja.com\/index.php?rest_route=%2Fwp%2Fv2%2Fcomments&post=12304"}],"version-history":[{"count":1,"href":"https:\/\/www.lodelmomentoloja.com\/index.php?rest_route=\/wp\/v2\/posts\/12304\/revisions"}],"predecessor-version":[{"id":12308,"href":"https:\/\/www.lodelmomentoloja.com\/index.php?rest_route=\/wp\/v2\/posts\/12304\/revisions\/12308"}],"wp:featuredmedia":[{"embeddable":true,"href":"https:\/\/www.lodelmomentoloja.com\/index.php?rest_route=\/wp\/v2\/media\/12307"}],"wp:attachment":[{"href":"https:\/\/www.lodelmomentoloja.com\/index.php?rest_route=%2Fwp%2Fv2%2Fmedia&parent=12304"}],"wp:term":[{"taxonomy":"category","embeddable":true,"href":"https:\/\/www.lodelmomentoloja.com\/index.php?rest_route=%2Fwp%2Fv2%2Fcategories&post=12304"},{"taxonomy":"post_tag","embeddable":true,"href":"https:\/\/www.lodelmomentoloja.com\/index.php?rest_route=%2Fwp%2Fv2%2Ftags&post=12304"}],"curies":[{"name":"wp","href":"https:\/\/api.w.org\/{rel}","templated":true}]}}