{"id":12278,"date":"2022-11-02T10:30:34","date_gmt":"2022-11-02T10:30:34","guid":{"rendered":"https:\/\/www.lodelmomentoloja.com\/?p=12278"},"modified":"2022-11-02T15:31:28","modified_gmt":"2022-11-02T15:31:28","slug":"nayib-bukele-envia-mensaje-ante-ola-de-violencia","status":"publish","type":"post","link":"https:\/\/www.lodelmomentoloja.com\/?p=12278","title":{"rendered":"Nayib Bukele env\u00eda mensaje ante ola de violencia"},"content":{"rendered":"<p>#Internacional | Bukele env\u00eda mensaje ante olas de violencia.<\/p>\n<p>El presidente de El Salvador, Nayib Bukele, se refiri\u00f3, sobre el estado de excepci\u00f3n como una herramienta e indic\u00f3 que esta debe ser usada como estrategia contra los terroristas o \u201cno sirve de nada.\u201d, esto tras el decreto presentado por el primer mandatario ecuatoriano Guillermo Lasso, ante las olas de violencia generadas en Guayaquil, Dur\u00e1n y Esmeraldas.<\/p>\n<p>En el tweet adem\u00e1s a\u00f1adi\u00f3 lo siguiente: &#8220;Los gobernantes deben entender que los problemas no se resuelven por decreto, sino con acciones.&#8221;<\/p>\n<p>www.lodelmomentoloja.com<br \/>\n#LDMnoticias #lodelmomentolojaLDM<\/p>\n","protected":false},"excerpt":{"rendered":"<p>#Internacional | Bukele env\u00eda mensaje ante olas de violencia. El presidente de El Salvador, Nayib&#8230;<\/p>\n","protected":false},"author":1,"featured_media":12279,"comment_status":"open","ping_status":"open","sticky":false,"template":"","format":"standard","meta":{"footnotes":""},"categories":[7,1,4],"tags":[],"class_list":["post-12278","post","type-post","status-publish","format-standard","has-post-thumbnail","hentry","category-ecuador","category-inicio","category-internacional"],"_links":{"self":[{"href":"https:\/\/www.lodelmomentoloja.com\/index.php?rest_route=\/wp\/v2\/posts\/12278"}],"collection":[{"href":"https:\/\/www.lodelmomentoloja.com\/index.php?rest_route=\/wp\/v2\/posts"}],"about":[{"href":"https:\/\/www.lodelmomentoloja.com\/index.php?rest_route=\/wp\/v2\/types\/post"}],"author":[{"embeddable":true,"href":"https:\/\/www.lodelmomentoloja.com\/index.php?rest_route=\/wp\/v2\/users\/1"}],"replies":[{"embeddable":true,"href":"https:\/\/www.lodelmomentoloja.com\/index.php?rest_route=%2Fwp%2Fv2%2Fcomments&post=12278"}],"version-history":[{"count":1,"href":"https:\/\/www.lodelmomentoloja.com\/index.php?rest_route=\/wp\/v2\/posts\/12278\/revisions"}],"predecessor-version":[{"id":12280,"href":"https:\/\/www.lodelmomentoloja.com\/index.php?rest_route=\/wp\/v2\/posts\/12278\/revisions\/12280"}],"wp:featuredmedia":[{"embeddable":true,"href":"https:\/\/www.lodelmomentoloja.com\/index.php?rest_route=\/wp\/v2\/media\/12279"}],"wp:attachment":[{"href":"https:\/\/www.lodelmomentoloja.com\/index.php?rest_route=%2Fwp%2Fv2%2Fmedia&parent=12278"}],"wp:term":[{"taxonomy":"category","embeddable":true,"href":"https:\/\/www.lodelmomentoloja.com\/index.php?rest_route=%2Fwp%2Fv2%2Fcategories&post=12278"},{"taxonomy":"post_tag","embeddable":true,"href":"https:\/\/www.lodelmomentoloja.com\/index.php?rest_route=%2Fwp%2Fv2%2Ftags&post=12278"}],"curies":[{"name":"wp","href":"https:\/\/api.w.org\/{rel}","templated":true}]}}