{"id":12275,"date":"2022-11-02T09:12:52","date_gmt":"2022-11-02T09:12:52","guid":{"rendered":"https:\/\/www.lodelmomentoloja.com\/?p=12275"},"modified":"2022-11-02T14:13:50","modified_gmt":"2022-11-02T14:13:50","slug":"periodista-arremete-contra-presidente-lasso","status":"publish","type":"post","link":"https:\/\/www.lodelmomentoloja.com\/?p=12275","title":{"rendered":"Periodista arremete contra presidente LASSO"},"content":{"rendered":"<p>#Internacional | Periodista cataloga de &#8216;incapaz&#8217; el gobierno de Lasso.<\/p>\n<p>El Periodista y presentador de noticias de CNN en Espa\u00f1ol, Fernando del Rinc\u00f3n, afirma que el primer mandatario del Ecuador, Guillermo Lasso, es incapaz de controlar la inseguridad del Ecuador.<\/p>\n<p>&#8220;No han parado las masacres carcelarias, no ha parado la inseguridad en las calles, no ha parado la violencia. El crimen organizado lo ha rebasado desde el principio de su mandato. \u00bfCu\u00e1l es la l\u00f3gica de su estrategia de seguridad cuando hoy, sigue contando con los mismos recursos y en donde los PPL&#8217;s lo amenazan?&#8221; &#8211; mencion\u00f3 el periodista del Rinc\u00f3n, tras la declaraci\u00f3n del estado de excepci\u00f3n en Guayas y Esmeraldas.<\/p>\n<p>www.lodelmomentoloja.com<br \/>\n#LDMnoticias #lodelmomentolojaLDM<\/p>\n","protected":false},"excerpt":{"rendered":"<p>#Internacional | Periodista cataloga de &#8216;incapaz&#8217; el gobierno de Lasso. El Periodista y presentador de&#8230;<\/p>\n","protected":false},"author":1,"featured_media":12276,"comment_status":"open","ping_status":"open","sticky":false,"template":"","format":"standard","meta":{"footnotes":""},"categories":[7,1,4],"tags":[],"class_list":["post-12275","post","type-post","status-publish","format-standard","has-post-thumbnail","hentry","category-ecuador","category-inicio","category-internacional"],"_links":{"self":[{"href":"https:\/\/www.lodelmomentoloja.com\/index.php?rest_route=\/wp\/v2\/posts\/12275"}],"collection":[{"href":"https:\/\/www.lodelmomentoloja.com\/index.php?rest_route=\/wp\/v2\/posts"}],"about":[{"href":"https:\/\/www.lodelmomentoloja.com\/index.php?rest_route=\/wp\/v2\/types\/post"}],"author":[{"embeddable":true,"href":"https:\/\/www.lodelmomentoloja.com\/index.php?rest_route=\/wp\/v2\/users\/1"}],"replies":[{"embeddable":true,"href":"https:\/\/www.lodelmomentoloja.com\/index.php?rest_route=%2Fwp%2Fv2%2Fcomments&post=12275"}],"version-history":[{"count":1,"href":"https:\/\/www.lodelmomentoloja.com\/index.php?rest_route=\/wp\/v2\/posts\/12275\/revisions"}],"predecessor-version":[{"id":12277,"href":"https:\/\/www.lodelmomentoloja.com\/index.php?rest_route=\/wp\/v2\/posts\/12275\/revisions\/12277"}],"wp:featuredmedia":[{"embeddable":true,"href":"https:\/\/www.lodelmomentoloja.com\/index.php?rest_route=\/wp\/v2\/media\/12276"}],"wp:attachment":[{"href":"https:\/\/www.lodelmomentoloja.com\/index.php?rest_route=%2Fwp%2Fv2%2Fmedia&parent=12275"}],"wp:term":[{"taxonomy":"category","embeddable":true,"href":"https:\/\/www.lodelmomentoloja.com\/index.php?rest_route=%2Fwp%2Fv2%2Fcategories&post=12275"},{"taxonomy":"post_tag","embeddable":true,"href":"https:\/\/www.lodelmomentoloja.com\/index.php?rest_route=%2Fwp%2Fv2%2Ftags&post=12275"}],"curies":[{"name":"wp","href":"https:\/\/api.w.org\/{rel}","templated":true}]}}