{"id":12269,"date":"2022-11-01T17:23:33","date_gmt":"2022-11-01T17:23:33","guid":{"rendered":"https:\/\/www.lodelmomentoloja.com\/?p=12269"},"modified":"2022-11-01T22:24:44","modified_gmt":"2022-11-01T22:24:44","slug":"utpl-presente-en-la-x-edicion-de-loja-sabor-a-cafe-2022","status":"publish","type":"post","link":"https:\/\/www.lodelmomentoloja.com\/?p=12269","title":{"rendered":"UTPL presente en la X Edici\u00f3n de Loja Sabor a Caf\u00e9 2022"},"content":{"rendered":"<p>La Universidad T\u00e9cnica Particular de Loja (UTPL), como parte de la Mesa T\u00e9cnica Provincial del Caf\u00e9, particip\u00f3 en la X Edici\u00f3n del evento Loja Sabor a Caf\u00e9 con diferentes acciones orientadas a potenciar el desarrollo del sector cafetalero de la provincia, a trav\u00e9s de actividades de Investigaci\u00f3n, Emprendimiento, Innovaci\u00f3n, Cultura y Comunicaci\u00f3n.<\/p>\n<p>Loja Sabor a Caf\u00e9 tiene por objetivo fortalecer el v\u00ednculo entre productores, procesadores y emprendedores con el sector tur\u00edstico, a fin de crear un escenario id\u00f3neo para el fomento de la cultura de consumo de caf\u00e9 de calidad.<\/p>\n<p>La inauguraci\u00f3n oficial del evento estuvo a cargo del subsecretario de agroindustrias del Ministerio de Producci\u00f3n, Comercio Exterior, Inversiones y Pesca, Gabriel Astudillo Paredes, quien se\u00f1al\u00f3 que este espacio es una oportunidad para impulsar el caf\u00e9 lojano hacia el mundo, tomando en consideraci\u00f3n que los caficultores de la provincia han logrado importantes premios en concursos como \u2018Taza Dorada\u2019 y \u2018Taza de Excelencia\u2019.<\/p>\n<p>Durante el acto inaugural, la UTPL expuso el tr\u00e1iler del documental \u201cCaf\u00e9 Loja, Ciencia, Arte y Tradici\u00f3n\u201d, realizado por Cultura Cient\u00edfica UTPL. Esta pieza audiovisual se prev\u00e9 estrenar en 2023, y tiene por objetivo destacar las ventajas y caracter\u00edsticas \u00fanicas del caf\u00e9 lojano a escala nacional e internacional.<\/p>\n<p>#LDMnoticias #lodelmomentolojaLDM<\/p>\n","protected":false},"excerpt":{"rendered":"<p>La Universidad T\u00e9cnica Particular de Loja (UTPL), como parte de la Mesa T\u00e9cnica Provincial del&#8230;<\/p>\n","protected":false},"author":1,"featured_media":12270,"comment_status":"open","ping_status":"open","sticky":false,"template":"","format":"standard","meta":{"footnotes":""},"categories":[1,5],"tags":[],"class_list":["post-12269","post","type-post","status-publish","format-standard","has-post-thumbnail","hentry","category-inicio","category-loja"],"_links":{"self":[{"href":"https:\/\/www.lodelmomentoloja.com\/index.php?rest_route=\/wp\/v2\/posts\/12269"}],"collection":[{"href":"https:\/\/www.lodelmomentoloja.com\/index.php?rest_route=\/wp\/v2\/posts"}],"about":[{"href":"https:\/\/www.lodelmomentoloja.com\/index.php?rest_route=\/wp\/v2\/types\/post"}],"author":[{"embeddable":true,"href":"https:\/\/www.lodelmomentoloja.com\/index.php?rest_route=\/wp\/v2\/users\/1"}],"replies":[{"embeddable":true,"href":"https:\/\/www.lodelmomentoloja.com\/index.php?rest_route=%2Fwp%2Fv2%2Fcomments&post=12269"}],"version-history":[{"count":1,"href":"https:\/\/www.lodelmomentoloja.com\/index.php?rest_route=\/wp\/v2\/posts\/12269\/revisions"}],"predecessor-version":[{"id":12271,"href":"https:\/\/www.lodelmomentoloja.com\/index.php?rest_route=\/wp\/v2\/posts\/12269\/revisions\/12271"}],"wp:featuredmedia":[{"embeddable":true,"href":"https:\/\/www.lodelmomentoloja.com\/index.php?rest_route=\/wp\/v2\/media\/12270"}],"wp:attachment":[{"href":"https:\/\/www.lodelmomentoloja.com\/index.php?rest_route=%2Fwp%2Fv2%2Fmedia&parent=12269"}],"wp:term":[{"taxonomy":"category","embeddable":true,"href":"https:\/\/www.lodelmomentoloja.com\/index.php?rest_route=%2Fwp%2Fv2%2Fcategories&post=12269"},{"taxonomy":"post_tag","embeddable":true,"href":"https:\/\/www.lodelmomentoloja.com\/index.php?rest_route=%2Fwp%2Fv2%2Ftags&post=12269"}],"curies":[{"name":"wp","href":"https:\/\/api.w.org\/{rel}","templated":true}]}}