{"id":12251,"date":"2022-11-01T09:01:52","date_gmt":"2022-11-01T09:01:52","guid":{"rendered":"https:\/\/www.lodelmomentoloja.com\/?p=12251"},"modified":"2022-11-01T14:05:20","modified_gmt":"2022-11-01T14:05:20","slug":"guillermo-lasso-se-ausentara-del-pais-durante-feriado","status":"publish","type":"post","link":"https:\/\/www.lodelmomentoloja.com\/?p=12251","title":{"rendered":"Guillermo Lasso se ausentar\u00e1 del pa\u00eds durante feriado."},"content":{"rendered":"<p>#Ecuador | Guillermo Lasso se ausentar\u00e1 del pa\u00eds en el feriado de noviembre.<\/p>\n<p>As\u00ed se dio a conocer la tarde del 31 de octubre de 2022, mediante un oficio dirigido al presidente de la Asamblea Nacional, Virgilio Saquicela, en el que detalla que realizar\u00e1 su viaje a Orlando, Florida, en Estados Unidos.<\/p>\n<p>\u201cMe permito comunicar a usted, y por su intermedio a la Asamblea Nacional, que me ausentar\u00e9 del pa\u00eds del dos de noviembre por la noche hasta el seis de noviembre de 2022\u2033, se\u00f1ala el escrito.<\/p>\n<p>Seg\u00fan el primer mandatario, explic\u00f3 que &#8220;Los costos de este viaje ser\u00e1n cubiertos por sus propios medios, y a\u00f1adi\u00f3 que viajar\u00e1 con la m\u00ednima seguridad requerida.&#8221;<\/p>\n<p>www.lodelmomentoloja.com<br \/>\n#LDMnoticias #lodelmomentolojaLDM<\/p>\n","protected":false},"excerpt":{"rendered":"<p>#Ecuador | Guillermo Lasso se ausentar\u00e1 del pa\u00eds en el feriado de noviembre. As\u00ed se&#8230;<\/p>\n","protected":false},"author":1,"featured_media":12252,"comment_status":"open","ping_status":"open","sticky":false,"template":"","format":"standard","meta":{"footnotes":""},"categories":[7,1],"tags":[],"class_list":["post-12251","post","type-post","status-publish","format-standard","has-post-thumbnail","hentry","category-ecuador","category-inicio"],"_links":{"self":[{"href":"https:\/\/www.lodelmomentoloja.com\/index.php?rest_route=\/wp\/v2\/posts\/12251"}],"collection":[{"href":"https:\/\/www.lodelmomentoloja.com\/index.php?rest_route=\/wp\/v2\/posts"}],"about":[{"href":"https:\/\/www.lodelmomentoloja.com\/index.php?rest_route=\/wp\/v2\/types\/post"}],"author":[{"embeddable":true,"href":"https:\/\/www.lodelmomentoloja.com\/index.php?rest_route=\/wp\/v2\/users\/1"}],"replies":[{"embeddable":true,"href":"https:\/\/www.lodelmomentoloja.com\/index.php?rest_route=%2Fwp%2Fv2%2Fcomments&post=12251"}],"version-history":[{"count":1,"href":"https:\/\/www.lodelmomentoloja.com\/index.php?rest_route=\/wp\/v2\/posts\/12251\/revisions"}],"predecessor-version":[{"id":12253,"href":"https:\/\/www.lodelmomentoloja.com\/index.php?rest_route=\/wp\/v2\/posts\/12251\/revisions\/12253"}],"wp:featuredmedia":[{"embeddable":true,"href":"https:\/\/www.lodelmomentoloja.com\/index.php?rest_route=\/wp\/v2\/media\/12252"}],"wp:attachment":[{"href":"https:\/\/www.lodelmomentoloja.com\/index.php?rest_route=%2Fwp%2Fv2%2Fmedia&parent=12251"}],"wp:term":[{"taxonomy":"category","embeddable":true,"href":"https:\/\/www.lodelmomentoloja.com\/index.php?rest_route=%2Fwp%2Fv2%2Fcategories&post=12251"},{"taxonomy":"post_tag","embeddable":true,"href":"https:\/\/www.lodelmomentoloja.com\/index.php?rest_route=%2Fwp%2Fv2%2Ftags&post=12251"}],"curies":[{"name":"wp","href":"https:\/\/api.w.org\/{rel}","templated":true}]}}