{"id":12202,"date":"2022-10-28T16:01:08","date_gmt":"2022-10-28T16:01:08","guid":{"rendered":"https:\/\/www.lodelmomentoloja.com\/?p=12202"},"modified":"2022-10-28T21:04:22","modified_gmt":"2022-10-28T21:04:22","slug":"escandalo-entre-prefecto-y-asambleista-de-loja","status":"publish","type":"post","link":"https:\/\/www.lodelmomentoloja.com\/?p=12202","title":{"rendered":"Esc\u00e1ndalo entre Prefecto y Asamble\u00edsta de Loja."},"content":{"rendered":"<p>#Loja | En una entrevista para nuestro medio de comunicaci\u00f3n digital, el director provincial de CREO, mencion\u00f3 que el asamble\u00edsta Maldonado, nuevamente estar\u00eda buscando nombrar a autoridades en diferentes carteras de estado. Pues sus palabras mantienen similitudes con lo que ocurri\u00f3 meses atr\u00e1s por la designaci\u00f3n del presidente ejecutivo de la EERSSA.<\/p>\n<p>&nbsp;<\/p>\n<p><iframe loading=\"lazy\" title=\"Prefecto y asamble\u00edsta de Loja, mismo partido, pero diferente discurso | LO DEL MOMENTO LOJA\" width=\"640\" height=\"360\" src=\"https:\/\/www.youtube.com\/embed\/U1KOEOCpGQU?feature=oembed\" frameborder=\"0\" allow=\"accelerometer; autoplay; clipboard-write; encrypted-media; gyroscope; picture-in-picture; web-share\" referrerpolicy=\"strict-origin-when-cross-origin\" allowfullscreen><\/iframe><\/p>\n<p>&nbsp;<\/p>\n<p>www.lodelmomentoloja.com<br \/>\n#LDMnoticias #lodelmomentolojaLDM<\/p>\n","protected":false},"excerpt":{"rendered":"<p>#Loja | En una entrevista para nuestro medio de comunicaci\u00f3n digital, el director provincial de&#8230;<\/p>\n","protected":false},"author":1,"featured_media":12203,"comment_status":"open","ping_status":"open","sticky":false,"template":"","format":"standard","meta":{"footnotes":""},"categories":[1,5],"tags":[],"class_list":["post-12202","post","type-post","status-publish","format-standard","has-post-thumbnail","hentry","category-inicio","category-loja"],"_links":{"self":[{"href":"https:\/\/www.lodelmomentoloja.com\/index.php?rest_route=\/wp\/v2\/posts\/12202"}],"collection":[{"href":"https:\/\/www.lodelmomentoloja.com\/index.php?rest_route=\/wp\/v2\/posts"}],"about":[{"href":"https:\/\/www.lodelmomentoloja.com\/index.php?rest_route=\/wp\/v2\/types\/post"}],"author":[{"embeddable":true,"href":"https:\/\/www.lodelmomentoloja.com\/index.php?rest_route=\/wp\/v2\/users\/1"}],"replies":[{"embeddable":true,"href":"https:\/\/www.lodelmomentoloja.com\/index.php?rest_route=%2Fwp%2Fv2%2Fcomments&post=12202"}],"version-history":[{"count":1,"href":"https:\/\/www.lodelmomentoloja.com\/index.php?rest_route=\/wp\/v2\/posts\/12202\/revisions"}],"predecessor-version":[{"id":12204,"href":"https:\/\/www.lodelmomentoloja.com\/index.php?rest_route=\/wp\/v2\/posts\/12202\/revisions\/12204"}],"wp:featuredmedia":[{"embeddable":true,"href":"https:\/\/www.lodelmomentoloja.com\/index.php?rest_route=\/wp\/v2\/media\/12203"}],"wp:attachment":[{"href":"https:\/\/www.lodelmomentoloja.com\/index.php?rest_route=%2Fwp%2Fv2%2Fmedia&parent=12202"}],"wp:term":[{"taxonomy":"category","embeddable":true,"href":"https:\/\/www.lodelmomentoloja.com\/index.php?rest_route=%2Fwp%2Fv2%2Fcategories&post=12202"},{"taxonomy":"post_tag","embeddable":true,"href":"https:\/\/www.lodelmomentoloja.com\/index.php?rest_route=%2Fwp%2Fv2%2Ftags&post=12202"}],"curies":[{"name":"wp","href":"https:\/\/api.w.org\/{rel}","templated":true}]}}