{"id":122,"date":"2020-10-19T22:40:22","date_gmt":"2020-10-19T22:40:22","guid":{"rendered":"http:\/\/www.lodelmomentoloja.com\/?p=122"},"modified":"2020-11-10T00:48:47","modified_gmt":"2020-11-10T00:48:47","slug":"lojano-gana-concurso-en-excelencia-academica","status":"publish","type":"post","link":"https:\/\/www.lodelmomentoloja.com\/?p=122","title":{"rendered":"Lojano gana concurso en excelencia acad\u00e9mica."},"content":{"rendered":"\n<figure class=\"wp-block-image\"><img decoding=\"async\" src=\"https:\/\/scontent.floh1-1.fna.fbcdn.net\/v\/t1.0-9\/121973983_831199547650137_8669077405342619610_o.jpg?_nc_cat=111&amp;ccb=2&amp;_nc_sid=730e14&amp;_nc_ohc=IUoouRkN5_MAX-Qf9Qz&amp;_nc_ht=scontent.floh1-1.fna&amp;oh=89b13b22cafa3219c5ba882a5686c6e7&amp;oe=5FD07E8D\" alt=\"\"\/><\/figure>\n\n\n\n<p>La Fundaci\u00f3n FIDAL organiz\u00f3 el D\u00e9cimo Tercer Concurso Nacional y Octavo Iberoamericano de Excelencia Educativa, dirigido a educadores y docentes de educaci\u00f3n inicial, b\u00e1sica y bachillerato; de educaci\u00f3n escolarizada y no escolarizada, especial y artesanal; de los sistemas de educaci\u00f3n intercultural y biling\u00fce; que laboren en establecimientos fiscales, municipales, fisco-misionales y particulares, de zonas urbanas y rurales.<\/p>\n\n\n\n<p>En esta edici\u00f3n el lojano Jimmy Mu\u00f1oz, gan\u00f3 el concurso por excelencia acad\u00e9mica. Su proyecto se denomina \u201cGame Math Entorno Virtual de Aprendizaje Gamificado Para M\u00e1tematicas\u201d, proyecto que naci\u00f3 por la necesidad de implementar la calidad en la educaci\u00f3n b\u00e1sica y que deber\u00eda ser implementado en la malla curricular dentro de la educaci\u00f3n fiscal. El reconocimiento fue entregado por la ex Vicepresidenta Rosal\u00eda Arteaga.<\/p>\n\n\n\n<p>Jimmy Mu\u00f1oz, es nacido en el Cant\u00f3n Catamayo Parroquia El Tambo, estudi\u00f3 hasta el colegio en su ciudad natal. Luego emigr\u00f3 a la ciudad de Loja para estudiar el pregrado en la Universidad Nacional de Loja. Tambi\u00e9n posee un masterado en Tecnolog\u00eda Educativa. Laboro como docente en el Colegio Militar Lauro Guerrero, actualmente es docente en el la Unidad Educativa Ciudad de Cuenca.<\/p>\n","protected":false},"excerpt":{"rendered":"<p>La Fundaci\u00f3n FIDAL organiz\u00f3 el D\u00e9cimo Tercer Concurso Nacional y Octavo Iberoamericano de Excelencia Educativa,&#8230;<\/p>\n","protected":false},"author":1,"featured_media":136,"comment_status":"open","ping_status":"open","sticky":false,"template":"","format":"standard","meta":{"footnotes":""},"categories":[1,5],"tags":[],"class_list":["post-122","post","type-post","status-publish","format-standard","has-post-thumbnail","hentry","category-inicio","category-loja"],"_links":{"self":[{"href":"https:\/\/www.lodelmomentoloja.com\/index.php?rest_route=\/wp\/v2\/posts\/122"}],"collection":[{"href":"https:\/\/www.lodelmomentoloja.com\/index.php?rest_route=\/wp\/v2\/posts"}],"about":[{"href":"https:\/\/www.lodelmomentoloja.com\/index.php?rest_route=\/wp\/v2\/types\/post"}],"author":[{"embeddable":true,"href":"https:\/\/www.lodelmomentoloja.com\/index.php?rest_route=\/wp\/v2\/users\/1"}],"replies":[{"embeddable":true,"href":"https:\/\/www.lodelmomentoloja.com\/index.php?rest_route=%2Fwp%2Fv2%2Fcomments&post=122"}],"version-history":[{"count":1,"href":"https:\/\/www.lodelmomentoloja.com\/index.php?rest_route=\/wp\/v2\/posts\/122\/revisions"}],"predecessor-version":[{"id":124,"href":"https:\/\/www.lodelmomentoloja.com\/index.php?rest_route=\/wp\/v2\/posts\/122\/revisions\/124"}],"wp:featuredmedia":[{"embeddable":true,"href":"https:\/\/www.lodelmomentoloja.com\/index.php?rest_route=\/wp\/v2\/media\/136"}],"wp:attachment":[{"href":"https:\/\/www.lodelmomentoloja.com\/index.php?rest_route=%2Fwp%2Fv2%2Fmedia&parent=122"}],"wp:term":[{"taxonomy":"category","embeddable":true,"href":"https:\/\/www.lodelmomentoloja.com\/index.php?rest_route=%2Fwp%2Fv2%2Fcategories&post=122"},{"taxonomy":"post_tag","embeddable":true,"href":"https:\/\/www.lodelmomentoloja.com\/index.php?rest_route=%2Fwp%2Fv2%2Ftags&post=122"}],"curies":[{"name":"wp","href":"https:\/\/api.w.org\/{rel}","templated":true}]}}