{"id":12190,"date":"2022-10-28T11:34:39","date_gmt":"2022-10-28T11:34:39","guid":{"rendered":"https:\/\/www.lodelmomentoloja.com\/?p=12190"},"modified":"2022-10-28T16:41:43","modified_gmt":"2022-10-28T16:41:43","slug":"piloto-lojano-es-condecorado-en-el-esma","status":"publish","type":"post","link":"https:\/\/www.lodelmomentoloja.com\/?p=12190","title":{"rendered":"Piloto lojano es condecorado en el ESMA."},"content":{"rendered":"<p dir=\"ltr\">#Loja | Lojano destaca en la ESMA.<\/p>\n<p dir=\"ltr\">El lojano Jos\u00e9 Iv\u00e1n Buena\u00f1o Cueva, recibi\u00f3 la Condecoraci\u00f3n &#8220;Abd\u00f3n Calder\u00f3n&#8221;, por haber obtenido la Primera Antig\u00fcedad de la Septuag\u00e9sima Segunda Promoci\u00f3n de Oficiales de Arma de la Escuela Superior Militar de Aviaci\u00f3n \u2018Cosme Rennella Barbatto\u2019, condecoraci\u00f3n que se entrega al mejor rendimiento y desempe\u00f1o acad\u00e9mico durante su formaci\u00f3n y que fue impuesta durante esta ceremonia por el vicepresidente de la Rep\u00fablica, Alfredo Borrero.<\/p>\n<p dir=\"ltr\">Buena\u00f1o inici\u00f3 su formaci\u00f3n como Aspirante a Kadete Piloto de Aviaci\u00f3n en septiembre de 2018, hasta graduarse el pasado 21 de octubre de 2022, como Licenciado en Ciencias Aeron\u00e1uticas en la ESPE y como Subteniente Piloto de Aviaci\u00f3n de la ESMA, recibiendo la Primera Antig\u00fcedad, m\u00e1ximo reconocimiento al mejor promedio acad\u00e9mico.<\/p>\n<p dir=\"ltr\">www lodelmomentoloja.com<\/p>\n<p dir=\"ltr\">#LDMnoticias #lodelmomentolojaLDM<\/p>\n","protected":false},"excerpt":{"rendered":"<p>#Loja | Lojano destaca en la ESMA. El lojano Jos\u00e9 Iv\u00e1n Buena\u00f1o Cueva, recibi\u00f3 la&#8230;<\/p>\n","protected":false},"author":1,"featured_media":12191,"comment_status":"open","ping_status":"open","sticky":false,"template":"","format":"standard","meta":{"footnotes":""},"categories":[7,1,5],"tags":[],"class_list":["post-12190","post","type-post","status-publish","format-standard","has-post-thumbnail","hentry","category-ecuador","category-inicio","category-loja"],"_links":{"self":[{"href":"https:\/\/www.lodelmomentoloja.com\/index.php?rest_route=\/wp\/v2\/posts\/12190"}],"collection":[{"href":"https:\/\/www.lodelmomentoloja.com\/index.php?rest_route=\/wp\/v2\/posts"}],"about":[{"href":"https:\/\/www.lodelmomentoloja.com\/index.php?rest_route=\/wp\/v2\/types\/post"}],"author":[{"embeddable":true,"href":"https:\/\/www.lodelmomentoloja.com\/index.php?rest_route=\/wp\/v2\/users\/1"}],"replies":[{"embeddable":true,"href":"https:\/\/www.lodelmomentoloja.com\/index.php?rest_route=%2Fwp%2Fv2%2Fcomments&post=12190"}],"version-history":[{"count":1,"href":"https:\/\/www.lodelmomentoloja.com\/index.php?rest_route=\/wp\/v2\/posts\/12190\/revisions"}],"predecessor-version":[{"id":12192,"href":"https:\/\/www.lodelmomentoloja.com\/index.php?rest_route=\/wp\/v2\/posts\/12190\/revisions\/12192"}],"wp:featuredmedia":[{"embeddable":true,"href":"https:\/\/www.lodelmomentoloja.com\/index.php?rest_route=\/wp\/v2\/media\/12191"}],"wp:attachment":[{"href":"https:\/\/www.lodelmomentoloja.com\/index.php?rest_route=%2Fwp%2Fv2%2Fmedia&parent=12190"}],"wp:term":[{"taxonomy":"category","embeddable":true,"href":"https:\/\/www.lodelmomentoloja.com\/index.php?rest_route=%2Fwp%2Fv2%2Fcategories&post=12190"},{"taxonomy":"post_tag","embeddable":true,"href":"https:\/\/www.lodelmomentoloja.com\/index.php?rest_route=%2Fwp%2Fv2%2Ftags&post=12190"}],"curies":[{"name":"wp","href":"https:\/\/api.w.org\/{rel}","templated":true}]}}