{"id":12183,"date":"2022-10-28T08:00:04","date_gmt":"2022-10-28T08:00:04","guid":{"rendered":"https:\/\/www.lodelmomentoloja.com\/?p=12183"},"modified":"2022-10-28T13:10:05","modified_gmt":"2022-10-28T13:10:05","slug":"fiscalia-allanaron-la-casa-del-ministro-de-energia-xavier-vera","status":"publish","type":"post","link":"https:\/\/www.lodelmomentoloja.com\/?p=12183","title":{"rendered":"Fiscal\u00eda allanaron la casa del Ministro de Energ\u00eda Xavier Vera"},"content":{"rendered":"<p>Mediante las redes sociales oficiales de la Fiscal\u00eda General del Estado, se inform\u00f3 de la ejecuci\u00f3n de dos allanamientos en Quito y Guayaquil dentro del marco de una investigaci\u00f3n por presunto cohecho, en la que estar\u00eda involucrado el actual ministro de Energ\u00eda y Minas, Xavier Vera.<\/p>\n<p>Nuevamente, una serie de denuncias period\u00edsticas generadas desde el portal La Posta fueron el inicio para que las autoridades indaguen el presunto cohecho (Soborno) dentro del Ministerio. Mediante audios, se pudo escuchar como el exgerente de Petroecuador, \u00cdtalo Cede\u00f1o, se\u00f1alar que el ministro Vera ofrec\u00eda puestos p\u00fablicos a cambio de dinero.<\/p>\n<p>&nbsp;<\/p>\n<p><strong>EN LAS REDES SOCIALES<\/strong><\/p>\n<blockquote class=\"twitter-tweet\" data-width=\"550\" data-dnt=\"true\">\n<p lang=\"es\" dir=\"ltr\"><a href=\"https:\/\/twitter.com\/hashtag\/URGENTE?src=hash&amp;ref_src=twsrc%5Etfw\">#URGENTE<\/a> | <a href=\"https:\/\/twitter.com\/hashtag\/Fiscal%C3%ADaEc?src=hash&amp;ref_src=twsrc%5Etfw\">#Fiscal\u00edaEc<\/a> ejecuta 2 allanamientos en <a href=\"https:\/\/twitter.com\/hashtag\/Quito?src=hash&amp;ref_src=twsrc%5Etfw\">#Quito<\/a> y 1 en <a href=\"https:\/\/twitter.com\/hashtag\/Guayaquil?src=hash&amp;ref_src=twsrc%5Etfw\">#Guayaquil<\/a>, en el marco de una investigaci\u00f3n por presunto cohecho, en la que estar\u00eda involucrado el Ministro de Energ\u00eda y Minas. Se levantan indicios (en desarrollo). <a href=\"https:\/\/twitter.com\/hashtag\/Fiscal%C3%ADaContraElDelito?src=hash&amp;ref_src=twsrc%5Etfw\">#Fiscal\u00edaContraElDelito<\/a> <a href=\"https:\/\/t.co\/qSBBer2TCs\">pic.twitter.com\/qSBBer2TCs<\/a><\/p>\n<p>&mdash; Fiscal\u00eda Ecuador (@FiscaliaEcuador) <a href=\"https:\/\/twitter.com\/FiscaliaEcuador\/status\/1585811622408298497?ref_src=twsrc%5Etfw\">October 28, 2022<\/a><\/p><\/blockquote>\n<p><script async src=\"https:\/\/platform.twitter.com\/widgets.js\" charset=\"utf-8\"><\/script><\/p>\n<blockquote class=\"twitter-tweet\" data-width=\"550\" data-dnt=\"true\">\n<p lang=\"es\" dir=\"ltr\"><a href=\"https:\/\/twitter.com\/hashtag\/ACTUALIZACI%C3%93N?src=hash&amp;ref_src=twsrc%5Etfw\">#ACTUALIZACI\u00d3N<\/a> | Los allanamientos se ejecutaron en el domicilio de Xavier V., en <a href=\"https:\/\/twitter.com\/hashtag\/Guayaquil?src=hash&amp;ref_src=twsrc%5Etfw\">#Guayaquil<\/a>, en un departamento en <a href=\"https:\/\/twitter.com\/hashtag\/Cumbay%C3%A1?src=hash&amp;ref_src=twsrc%5Etfw\">#Cumbay\u00e1<\/a> (donde reside en d\u00edas laborables) y en su despacho en el Ministerio de Energ\u00eda y Minas, en <a href=\"https:\/\/twitter.com\/hashtag\/Quito?src=hash&amp;ref_src=twsrc%5Etfw\">#Quito<\/a>. <a href=\"https:\/\/twitter.com\/hashtag\/Fiscal%C3%ADaContraElDelito?src=hash&amp;ref_src=twsrc%5Etfw\">#Fiscal\u00edaContraElDelito<\/a> <a href=\"https:\/\/t.co\/RkXgjb2cPi\">pic.twitter.com\/RkXgjb2cPi<\/a><\/p>\n<p>&mdash; Fiscal\u00eda Ecuador (@FiscaliaEcuador) <a href=\"https:\/\/twitter.com\/FiscaliaEcuador\/status\/1585844991003611137?ref_src=twsrc%5Etfw\">October 28, 2022<\/a><\/p><\/blockquote>\n<p><script async src=\"https:\/\/platform.twitter.com\/widgets.js\" charset=\"utf-8\"><\/script><\/p>\n<p><span class=\"css-901oao css-16my406 r-poiln3 r-bcqeeo r-qvutc0\">Los allanamientos se realizaron\u00a0 en el domicilio de Xavier V, en Guayaquil, un departamento ubicado en Cumbay\u00e1 (lugar donde vive mientras labora) y el otro, en el despacho de labores del Ministerio de Energ\u00eda y Minas en Quito. <\/span><\/p>\n<p>Entre los indicios levantados se incluyen: dos celulares, una laptop, una tableta y documentos con registros alfanum\u00e9ricos. Todo ser\u00e1 ingresado en cadena de custodia, en el marco de la investigaci\u00f3n por un presunto delito de cohecho.<\/p>\n<p><img loading=\"lazy\" decoding=\"async\" class=\"alignnone wp-image-12184 \" src=\"http:\/\/www.lodelmomentoloja.com\/wp-content\/uploads\/2022\/10\/gfdswq.jpg\" alt=\"\" width=\"815\" height=\"554\" srcset=\"https:\/\/www.lodelmomentoloja.com\/wp-content\/uploads\/2022\/10\/gfdswq.jpg 1024w, https:\/\/www.lodelmomentoloja.com\/wp-content\/uploads\/2022\/10\/gfdswq-300x204.jpg 300w, https:\/\/www.lodelmomentoloja.com\/wp-content\/uploads\/2022\/10\/gfdswq-768x522.jpg 768w, https:\/\/www.lodelmomentoloja.com\/wp-content\/uploads\/2022\/10\/gfdswq-640x435.jpg 640w\" sizes=\"(max-width: 815px) 100vw, 815px\" \/><\/p>\n<p><em>S\u00edguenos #LDMnoticias \u00f3 #lodelmomentolojaLDM<\/em><\/p>\n","protected":false},"excerpt":{"rendered":"<p>Mediante las redes sociales oficiales de la Fiscal\u00eda General del Estado, se inform\u00f3 de la&#8230;<\/p>\n","protected":false},"author":1,"featured_media":12186,"comment_status":"open","ping_status":"open","sticky":false,"template":"","format":"standard","meta":{"footnotes":""},"categories":[7,1],"tags":[],"class_list":["post-12183","post","type-post","status-publish","format-standard","has-post-thumbnail","hentry","category-ecuador","category-inicio"],"_links":{"self":[{"href":"https:\/\/www.lodelmomentoloja.com\/index.php?rest_route=\/wp\/v2\/posts\/12183"}],"collection":[{"href":"https:\/\/www.lodelmomentoloja.com\/index.php?rest_route=\/wp\/v2\/posts"}],"about":[{"href":"https:\/\/www.lodelmomentoloja.com\/index.php?rest_route=\/wp\/v2\/types\/post"}],"author":[{"embeddable":true,"href":"https:\/\/www.lodelmomentoloja.com\/index.php?rest_route=\/wp\/v2\/users\/1"}],"replies":[{"embeddable":true,"href":"https:\/\/www.lodelmomentoloja.com\/index.php?rest_route=%2Fwp%2Fv2%2Fcomments&post=12183"}],"version-history":[{"count":1,"href":"https:\/\/www.lodelmomentoloja.com\/index.php?rest_route=\/wp\/v2\/posts\/12183\/revisions"}],"predecessor-version":[{"id":12185,"href":"https:\/\/www.lodelmomentoloja.com\/index.php?rest_route=\/wp\/v2\/posts\/12183\/revisions\/12185"}],"wp:featuredmedia":[{"embeddable":true,"href":"https:\/\/www.lodelmomentoloja.com\/index.php?rest_route=\/wp\/v2\/media\/12186"}],"wp:attachment":[{"href":"https:\/\/www.lodelmomentoloja.com\/index.php?rest_route=%2Fwp%2Fv2%2Fmedia&parent=12183"}],"wp:term":[{"taxonomy":"category","embeddable":true,"href":"https:\/\/www.lodelmomentoloja.com\/index.php?rest_route=%2Fwp%2Fv2%2Fcategories&post=12183"},{"taxonomy":"post_tag","embeddable":true,"href":"https:\/\/www.lodelmomentoloja.com\/index.php?rest_route=%2Fwp%2Fv2%2Ftags&post=12183"}],"curies":[{"name":"wp","href":"https:\/\/api.w.org\/{rel}","templated":true}]}}