{"id":12118,"date":"2022-10-25T13:00:37","date_gmt":"2022-10-25T13:00:37","guid":{"rendered":"https:\/\/www.lodelmomentoloja.com\/?p=12118"},"modified":"2022-10-25T21:25:58","modified_gmt":"2022-10-25T21:25:58","slug":"capitan-del-feyenoord-no-quiso-portar-brazalete-con-colores-lgbtq","status":"publish","type":"post","link":"https:\/\/www.lodelmomentoloja.com\/?p=12118","title":{"rendered":"Capit\u00e1n del Feyenoord no quiso portar brazalete con colores LGBTQ"},"content":{"rendered":"<h3>Jugador no se deja imponer pensamiento LBGTQ.<\/h3>\n<p>La Eredivisie -Liga de Holanda- anunci\u00f3 que todos los capitanes de los equipos iban a estar portando el \u2018<strong>brazalete arco\u00edris\u2019\u00a0<\/strong>sum\u00e1ndose a la causa de la\u00a0<strong>lucha por los derechos de la comunidad LGBTQ<\/strong>; sin embargo, la pol\u00e9mica se desata cuando el capit\u00e1n del Feyenoord hizo p\u00fablica su postura de no parte de dicha iniciativa.<\/p>\n<p><strong>Orkun K\u00f6k\u00e7\u00fc<\/strong>, futbolista turco que lidera como c<strong>apit\u00e1n del\u00a0 Feyenoord rechaz\u00f3\u00a0portar un brazalete con los colores de la comunidad LBGTQ, esto, por sus creencias religiosas. <\/strong>\u201c<strong>Creo que\u00a0todos son libres de hacer lo que quieran o sientan, entiendo muy bien la importancia de esta acci\u00f3n, pero\u00a0por mis creencias religiosas no creo ser la persona correcta\u00a0<\/strong>para apoyar esto&#8221; dijo en su pronunciamiento.<\/p>\n<p>Santiago Gim\u00e9nez, jugador mexicano y compa\u00f1ero de Orkun declar\u00f3 su comentario sobre este acontecimiento \u201c<strong>Imagino que habr\u00e1 gente decepcionada por mi decisi\u00f3n\u00a0<\/strong>y para nada es mi intenci\u00f3n.\u00a0Entiendo que los sentimientos hacia m\u00ed no se desvanezcan con estas palabras, pero espero que mi elecci\u00f3n por motivos religiosos\u00a0<strong>sea igualmente respetada<\/strong>\u201d.<\/p>\n<p>Debido a que la medida de portar el brazalete es una iniciativa de la Liga (Eredivisie), el\u00a0<strong>Feyenoord<\/strong>\u00a0<strong>designar\u00e1 a otro capit\u00e1n<\/strong> <strong>porque el turco argument\u00f3 que<\/strong> \u201c<strong>no me sentir\u00eda c\u00f3modo<\/strong>\u201d, y ahora resta por saber si perder\u00e1 de forma definitiva su condici\u00f3n de capit\u00e1n del club por esta postura.<\/p>\n<p><em>S\u00edguenos #LDMnoticias \u00f3 #lodelmomentolojaLDM<\/em><\/p>\n","protected":false},"excerpt":{"rendered":"<p>Jugador no se deja imponer pensamiento LBGTQ. La Eredivisie -Liga de Holanda- anunci\u00f3 que todos&#8230;<\/p>\n","protected":false},"author":1,"featured_media":12120,"comment_status":"open","ping_status":"open","sticky":false,"template":"","format":"standard","meta":{"footnotes":""},"categories":[1,4],"tags":[],"class_list":["post-12118","post","type-post","status-publish","format-standard","has-post-thumbnail","hentry","category-inicio","category-internacional"],"_links":{"self":[{"href":"https:\/\/www.lodelmomentoloja.com\/index.php?rest_route=\/wp\/v2\/posts\/12118"}],"collection":[{"href":"https:\/\/www.lodelmomentoloja.com\/index.php?rest_route=\/wp\/v2\/posts"}],"about":[{"href":"https:\/\/www.lodelmomentoloja.com\/index.php?rest_route=\/wp\/v2\/types\/post"}],"author":[{"embeddable":true,"href":"https:\/\/www.lodelmomentoloja.com\/index.php?rest_route=\/wp\/v2\/users\/1"}],"replies":[{"embeddable":true,"href":"https:\/\/www.lodelmomentoloja.com\/index.php?rest_route=%2Fwp%2Fv2%2Fcomments&post=12118"}],"version-history":[{"count":2,"href":"https:\/\/www.lodelmomentoloja.com\/index.php?rest_route=\/wp\/v2\/posts\/12118\/revisions"}],"predecessor-version":[{"id":12122,"href":"https:\/\/www.lodelmomentoloja.com\/index.php?rest_route=\/wp\/v2\/posts\/12118\/revisions\/12122"}],"wp:featuredmedia":[{"embeddable":true,"href":"https:\/\/www.lodelmomentoloja.com\/index.php?rest_route=\/wp\/v2\/media\/12120"}],"wp:attachment":[{"href":"https:\/\/www.lodelmomentoloja.com\/index.php?rest_route=%2Fwp%2Fv2%2Fmedia&parent=12118"}],"wp:term":[{"taxonomy":"category","embeddable":true,"href":"https:\/\/www.lodelmomentoloja.com\/index.php?rest_route=%2Fwp%2Fv2%2Fcategories&post=12118"},{"taxonomy":"post_tag","embeddable":true,"href":"https:\/\/www.lodelmomentoloja.com\/index.php?rest_route=%2Fwp%2Fv2%2Ftags&post=12118"}],"curies":[{"name":"wp","href":"https:\/\/api.w.org\/{rel}","templated":true}]}}