{"id":1207,"date":"2020-12-11T19:00:10","date_gmt":"2020-12-11T19:00:10","guid":{"rendered":"http:\/\/www.lodelmomentoloja.com\/?p=1207"},"modified":"2020-12-12T00:04:02","modified_gmt":"2020-12-12T00:04:02","slug":"cedulas-caducadas-seguiran-validas","status":"publish","type":"post","link":"https:\/\/www.lodelmomentoloja.com\/?p=1207","title":{"rendered":"Cedulas caducadas seguir\u00e1n v\u00e1lidas"},"content":{"rendered":"\n<p>#Nacional | Presidente de la Rep\u00fablica, Lic. Len\u00edn Moreno Garc\u00e9s, emiti\u00f3 el Decreto Ejecutivo No. 1206, el d\u00eda de hoy 11 de diciembre de 2020.<br>En el cual \u201c(&#8230;) se reconoce la validez de la c\u00e9dula de ciudadan\u00eda que se encuentre vencida desde el 16 de marzo de 2020, o cuyo plazo est\u00e9 por vencer, hasta el 31 de mayo de 2021. (&#8230;)\u201d.<br>Esta decisi\u00f3n se fundamenta en: \u201c(&#8230;) Que, durante la vigencia del estado de excepci\u00f3n decretado por el se\u00f1or Presidente de la Rep\u00fablica, la prestaci\u00f3n del servicio de emisi\u00f3n de c\u00e9dulas de identidad a la ciudadan\u00eda, se ha venido ejecutando de manera limitada, debido a las restricciones laborales y de aforo establecidas por el Comit\u00e9 de Operaciones de Emergencia Nacional. (&#8230;)\u201d.<br>Por ello, las c\u00e9dulas de identidad cuya fecha de caducidad (ubicada en el reverso de este documento) que corresponda a estas fechas seguir\u00e1n siendo v\u00e1lidas y tendr\u00e1n total aceptaci\u00f3n en la realizaci\u00f3n de tr\u00e1mites tanto en instituciones p\u00fablicas como privadas.<\/p>\n\n\n\n<p>Quienes no cuenten con este documento, por p\u00e9rdida o robo, deben agendar un turno en www.registrocivil.gob.ec para su atenci\u00f3n.<br>El costo de obtenci\u00f3n de la c\u00e9dula por primera vez es USD 5; y, por renovaci\u00f3n es de USD 15. El horario de atenci\u00f3n es de lunes a viernes, de 08:00 a 17:00.<br>www.lodelmomentoloja.com #LDMnoticias #lodelmomentolojaLDM<\/p>\n","protected":false},"excerpt":{"rendered":"<p>#Nacional | Presidente de la Rep\u00fablica, Lic. Len\u00edn Moreno Garc\u00e9s, emiti\u00f3 el Decreto Ejecutivo No&#8230;.<\/p>\n","protected":false},"author":1,"featured_media":1208,"comment_status":"open","ping_status":"open","sticky":false,"template":"","format":"standard","meta":{"footnotes":""},"categories":[1],"tags":[],"class_list":["post-1207","post","type-post","status-publish","format-standard","has-post-thumbnail","hentry","category-inicio"],"_links":{"self":[{"href":"https:\/\/www.lodelmomentoloja.com\/index.php?rest_route=\/wp\/v2\/posts\/1207"}],"collection":[{"href":"https:\/\/www.lodelmomentoloja.com\/index.php?rest_route=\/wp\/v2\/posts"}],"about":[{"href":"https:\/\/www.lodelmomentoloja.com\/index.php?rest_route=\/wp\/v2\/types\/post"}],"author":[{"embeddable":true,"href":"https:\/\/www.lodelmomentoloja.com\/index.php?rest_route=\/wp\/v2\/users\/1"}],"replies":[{"embeddable":true,"href":"https:\/\/www.lodelmomentoloja.com\/index.php?rest_route=%2Fwp%2Fv2%2Fcomments&post=1207"}],"version-history":[{"count":1,"href":"https:\/\/www.lodelmomentoloja.com\/index.php?rest_route=\/wp\/v2\/posts\/1207\/revisions"}],"predecessor-version":[{"id":1209,"href":"https:\/\/www.lodelmomentoloja.com\/index.php?rest_route=\/wp\/v2\/posts\/1207\/revisions\/1209"}],"wp:featuredmedia":[{"embeddable":true,"href":"https:\/\/www.lodelmomentoloja.com\/index.php?rest_route=\/wp\/v2\/media\/1208"}],"wp:attachment":[{"href":"https:\/\/www.lodelmomentoloja.com\/index.php?rest_route=%2Fwp%2Fv2%2Fmedia&parent=1207"}],"wp:term":[{"taxonomy":"category","embeddable":true,"href":"https:\/\/www.lodelmomentoloja.com\/index.php?rest_route=%2Fwp%2Fv2%2Fcategories&post=1207"},{"taxonomy":"post_tag","embeddable":true,"href":"https:\/\/www.lodelmomentoloja.com\/index.php?rest_route=%2Fwp%2Fv2%2Ftags&post=1207"}],"curies":[{"name":"wp","href":"https:\/\/api.w.org\/{rel}","templated":true}]}}