{"id":12008,"date":"2022-10-20T09:35:40","date_gmt":"2022-10-20T09:35:40","guid":{"rendered":"https:\/\/www.lodelmomentoloja.com\/?p=12008"},"modified":"2022-10-20T14:44:23","modified_gmt":"2022-10-20T14:44:23","slug":"coe-nacional-anuncio-el-fin-de-la-pandemia-en-ecuador","status":"publish","type":"post","link":"https:\/\/www.lodelmomentoloja.com\/?p=12008","title":{"rendered":"COE Nacional anunci\u00f3 el &#8216;Fin de la Pandemia&#8217; en Ecuador"},"content":{"rendered":"<p>#Ecuador | El Comit\u00e9 de Operaciones de Emergencia (COE) elimin\u00f3, la tarde del 19 de octubre de 2022, todas las restricciones para ingresar al pa\u00eds, incluidas las Islas Gal\u00e1pagos.<\/p>\n<p>El presidente del organismo, Juan Zapata, inform\u00f3 que desde el 20 de octubre de 2022, los viajeros no deber\u00e1n presentar el carn\u00e9 de vacunaci\u00f3n con el esquema completo, ni el resultado negativo de una prueba de ant\u00edgenos, ni de un test PCR.<\/p>\n<p>La decisi\u00f3n, seg\u00fan Francisco P\u00e9rez, subsecretario nacional de Vigilancia de la Salud P\u00fablica, se tom\u00f3 porque la Pandemia&#8217; de Covid est\u00e1 controlada.<\/p>\n<p>\u201cEn las \u00faltimas nueve semanas hay un descenso de casos positivos y de muertes. Solo en la provincia de Los R\u00edos hay un aumento de contagios, pero es m\u00ednimo\u201d.<\/p>\n<p>Agreg\u00f3 que las hospitalizaciones asociadas con el Covid tambi\u00e9n est\u00e1n a la baja y asegur\u00f3 que no hay pacientes internados en las unidades de cuidados intensivos de los hospitales p\u00fablicos.<\/p>\n<p>Sobre la declaratoria del fin de la pandemia&#8217;, el vicepresidente Alfredo Borrero record\u00f3 que la Organizaci\u00f3n Mundial de la Salud fue el organismo que declar\u00f3 al C0vid como pandemia&#8217; el 12 de marzo de 2020.<\/p>\n<p>\u201cLas medidas que estamos tomando implica que estamos viviendo una nueva normalidad. Pr\u00e1cticamente, estamos eliminando todas las restricciones\u201d, se\u00f1al\u00f3.<\/p>\n<p>Sin embargo, Borrero pidi\u00f3 a la ciudadan\u00eda que acuda a los centros de salud a vacunarse contra esta enfermedad. \u201cHasta el momento hemos aplicado m\u00e1s de 38 millones de dosis\u201d, puntualiz\u00f3.<\/p>\n<p>Fuente: Radio Din\u00e1mica<\/p>\n<p>#LDMnoticias #lodelmomentolojaLDM<\/p>\n","protected":false},"excerpt":{"rendered":"<p>#Ecuador | El Comit\u00e9 de Operaciones de Emergencia (COE) elimin\u00f3, la tarde del 19 de&#8230;<\/p>\n","protected":false},"author":1,"featured_media":12009,"comment_status":"open","ping_status":"open","sticky":false,"template":"","format":"standard","meta":{"footnotes":""},"categories":[7,1],"tags":[],"class_list":["post-12008","post","type-post","status-publish","format-standard","has-post-thumbnail","hentry","category-ecuador","category-inicio"],"_links":{"self":[{"href":"https:\/\/www.lodelmomentoloja.com\/index.php?rest_route=\/wp\/v2\/posts\/12008"}],"collection":[{"href":"https:\/\/www.lodelmomentoloja.com\/index.php?rest_route=\/wp\/v2\/posts"}],"about":[{"href":"https:\/\/www.lodelmomentoloja.com\/index.php?rest_route=\/wp\/v2\/types\/post"}],"author":[{"embeddable":true,"href":"https:\/\/www.lodelmomentoloja.com\/index.php?rest_route=\/wp\/v2\/users\/1"}],"replies":[{"embeddable":true,"href":"https:\/\/www.lodelmomentoloja.com\/index.php?rest_route=%2Fwp%2Fv2%2Fcomments&post=12008"}],"version-history":[{"count":1,"href":"https:\/\/www.lodelmomentoloja.com\/index.php?rest_route=\/wp\/v2\/posts\/12008\/revisions"}],"predecessor-version":[{"id":12010,"href":"https:\/\/www.lodelmomentoloja.com\/index.php?rest_route=\/wp\/v2\/posts\/12008\/revisions\/12010"}],"wp:featuredmedia":[{"embeddable":true,"href":"https:\/\/www.lodelmomentoloja.com\/index.php?rest_route=\/wp\/v2\/media\/12009"}],"wp:attachment":[{"href":"https:\/\/www.lodelmomentoloja.com\/index.php?rest_route=%2Fwp%2Fv2%2Fmedia&parent=12008"}],"wp:term":[{"taxonomy":"category","embeddable":true,"href":"https:\/\/www.lodelmomentoloja.com\/index.php?rest_route=%2Fwp%2Fv2%2Fcategories&post=12008"},{"taxonomy":"post_tag","embeddable":true,"href":"https:\/\/www.lodelmomentoloja.com\/index.php?rest_route=%2Fwp%2Fv2%2Ftags&post=12008"}],"curies":[{"name":"wp","href":"https:\/\/api.w.org\/{rel}","templated":true}]}}