{"id":11972,"date":"2022-10-19T09:20:38","date_gmt":"2022-10-19T09:20:38","guid":{"rendered":"https:\/\/www.lodelmomentoloja.com\/?p=11972"},"modified":"2022-10-19T14:25:20","modified_gmt":"2022-10-19T14:25:20","slug":"empresa-lojana-lanza-una-nueva-propuesta","status":"publish","type":"post","link":"https:\/\/www.lodelmomentoloja.com\/?p=11972","title":{"rendered":"Empresa lojana lanza una nueva propuesta"},"content":{"rendered":"<p>#Loja | Empresa lojana lanza una nueva propuesta de tax\u00edmetro digital y facturaci\u00f3n electr\u00f3nica en Ecuador.<\/p>\n<p>En d\u00edas anteriores, la ministra de telecomunicaciones y de la Sociedad de la Informaci\u00f3n (Mintel), Vianna Maino, visit\u00f3 Loja con la finalidad de cumplir una importante agenda y conocer sobre los adelantos tecnol\u00f3gicos que desarrolla la ciudad.<\/p>\n<p><img loading=\"lazy\" decoding=\"async\" class=\"alignnone size-medium wp-image-11975\" src=\"http:\/\/www.lodelmomentoloja.com\/wp-content\/uploads\/2022\/10\/WhatsApp-Image-2022-10-07-at-11.06.01-300x225.jpeg\" alt=\"\" width=\"300\" height=\"225\" srcset=\"https:\/\/www.lodelmomentoloja.com\/wp-content\/uploads\/2022\/10\/WhatsApp-Image-2022-10-07-at-11.06.01-300x225.jpeg 300w, https:\/\/www.lodelmomentoloja.com\/wp-content\/uploads\/2022\/10\/WhatsApp-Image-2022-10-07-at-11.06.01-1024x768.jpeg 1024w, https:\/\/www.lodelmomentoloja.com\/wp-content\/uploads\/2022\/10\/WhatsApp-Image-2022-10-07-at-11.06.01-768x576.jpeg 768w, https:\/\/www.lodelmomentoloja.com\/wp-content\/uploads\/2022\/10\/WhatsApp-Image-2022-10-07-at-11.06.01-640x480.jpeg 640w, https:\/\/www.lodelmomentoloja.com\/wp-content\/uploads\/2022\/10\/WhatsApp-Image-2022-10-07-at-11.06.01.jpeg 1408w\" sizes=\"(max-width: 300px) 100vw, 300px\" \/><\/p>\n<p>Bruno Valarezo, CEO de Clipp- Kradac, aprovech\u00f3 este espacio para realizar en lanzamiento del tax\u00edmetro digital y facturaci\u00f3n electr\u00f3nica para Ecuador, brindando un importante aporte a la soluci\u00f3n de la normativa asignada por parte del Servicio de Rentas Internas (SRI) seg\u00fan la Ley de Desarrollo Econ\u00f3mico de iniciar el mes de noviembre bajo esta modalidad.<\/p>\n<p>Loja, recibi\u00f3 un reconocimiento simb\u00f3lico por parte del Mintel por el nivel de madurez en Ciudades Inteligentes y Sostenibles, siendo la empresa Clipp-Kradac, un actor fundamental para la consideraci\u00f3n, aportando a la ciudad con varios proyectos, entre los m\u00e1s importantes: Clipp-taxi y Clipp-bus, los dos sistemas se encuentran homologados por la Agencia Nacional de Tr\u00e1nsito (ANT).<\/p>\n<p><img loading=\"lazy\" decoding=\"async\" class=\"alignnone size-medium wp-image-11976\" src=\"http:\/\/www.lodelmomentoloja.com\/wp-content\/uploads\/2022\/10\/Fotos-Mintel5-300x300.png\" alt=\"\" width=\"300\" height=\"300\" srcset=\"https:\/\/www.lodelmomentoloja.com\/wp-content\/uploads\/2022\/10\/Fotos-Mintel5-300x300.png 300w, https:\/\/www.lodelmomentoloja.com\/wp-content\/uploads\/2022\/10\/Fotos-Mintel5-1024x1024.png 1024w, https:\/\/www.lodelmomentoloja.com\/wp-content\/uploads\/2022\/10\/Fotos-Mintel5-150x150.png 150w, https:\/\/www.lodelmomentoloja.com\/wp-content\/uploads\/2022\/10\/Fotos-Mintel5-768x768.png 768w, https:\/\/www.lodelmomentoloja.com\/wp-content\/uploads\/2022\/10\/Fotos-Mintel5-640x640.png 640w, https:\/\/www.lodelmomentoloja.com\/wp-content\/uploads\/2022\/10\/Fotos-Mintel5.png 1200w\" sizes=\"(max-width: 300px) 100vw, 300px\" \/><\/p>\n<p>Para el 2023, la empresa lojana buscar\u00e1 fortalecer su servicio de movilidad corporativa e implementar en todas las ciudades y pa\u00edses donde tienen presencia la iniciativa del tax\u00edmetro digital, es decir que una empresa (p\u00fablica o privada) pueda brindar movilidad a sus equipos de trabajo bajo varias modalidades de pago.<\/p>\n<p>Latam Mobility en M\u00e9xico, es el evento m\u00e1s grande del cu\u00e1l son part\u00edcipes los lojanos. Fueron invitados a contar la historia de su Startup, proyectos innovadores y metas a futuro para el servicio del mundo entero.<\/p>\n<p>www.lodelmomentoloja.com<\/p>\n<p>#LDMnoticias #lodelmomentolojaLDM<\/p>\n","protected":false},"excerpt":{"rendered":"<p>#Loja | Empresa lojana lanza una nueva propuesta de tax\u00edmetro digital y facturaci\u00f3n electr\u00f3nica en&#8230;<\/p>\n","protected":false},"author":1,"featured_media":11974,"comment_status":"open","ping_status":"open","sticky":false,"template":"","format":"standard","meta":{"footnotes":""},"categories":[7,1,5],"tags":[],"class_list":["post-11972","post","type-post","status-publish","format-standard","has-post-thumbnail","hentry","category-ecuador","category-inicio","category-loja"],"_links":{"self":[{"href":"https:\/\/www.lodelmomentoloja.com\/index.php?rest_route=\/wp\/v2\/posts\/11972"}],"collection":[{"href":"https:\/\/www.lodelmomentoloja.com\/index.php?rest_route=\/wp\/v2\/posts"}],"about":[{"href":"https:\/\/www.lodelmomentoloja.com\/index.php?rest_route=\/wp\/v2\/types\/post"}],"author":[{"embeddable":true,"href":"https:\/\/www.lodelmomentoloja.com\/index.php?rest_route=\/wp\/v2\/users\/1"}],"replies":[{"embeddable":true,"href":"https:\/\/www.lodelmomentoloja.com\/index.php?rest_route=%2Fwp%2Fv2%2Fcomments&post=11972"}],"version-history":[{"count":1,"href":"https:\/\/www.lodelmomentoloja.com\/index.php?rest_route=\/wp\/v2\/posts\/11972\/revisions"}],"predecessor-version":[{"id":11977,"href":"https:\/\/www.lodelmomentoloja.com\/index.php?rest_route=\/wp\/v2\/posts\/11972\/revisions\/11977"}],"wp:featuredmedia":[{"embeddable":true,"href":"https:\/\/www.lodelmomentoloja.com\/index.php?rest_route=\/wp\/v2\/media\/11974"}],"wp:attachment":[{"href":"https:\/\/www.lodelmomentoloja.com\/index.php?rest_route=%2Fwp%2Fv2%2Fmedia&parent=11972"}],"wp:term":[{"taxonomy":"category","embeddable":true,"href":"https:\/\/www.lodelmomentoloja.com\/index.php?rest_route=%2Fwp%2Fv2%2Fcategories&post=11972"},{"taxonomy":"post_tag","embeddable":true,"href":"https:\/\/www.lodelmomentoloja.com\/index.php?rest_route=%2Fwp%2Fv2%2Ftags&post=11972"}],"curies":[{"name":"wp","href":"https:\/\/api.w.org\/{rel}","templated":true}]}}