{"id":11927,"date":"2022-10-17T14:00:07","date_gmt":"2022-10-17T14:00:07","guid":{"rendered":"https:\/\/www.lodelmomentoloja.com\/?p=11927"},"modified":"2022-10-17T19:44:14","modified_gmt":"2022-10-17T19:44:14","slug":"encuestadepresidentes","status":"publish","type":"post","link":"https:\/\/www.lodelmomentoloja.com\/?p=11927","title":{"rendered":"Encuestan el desempe\u00f1o de los presidentes latinoamericanos."},"content":{"rendered":"<p>La Consultor\u00eda Interdisciplinaria en Desarrollo S.A. (CID) public\u00f3 los datos de desempe\u00f1o de los presidentes latinoamericanos, correspondientes a su \u00faltimo <strong>estudio de Opini\u00f3n P\u00fablica realizado en septiembre\/octubre del 2022<\/strong>, casi 5 meses despu\u00e9s de la \u00faltima que se dio en mayo de 2022.<\/p>\n<p>Estas cifras muestran as\u00ed que el presidente Guillermo Lasso que obtuvo el 26% (mayo), el octavo con la calificaci\u00f3n m\u00e1s baja, de los 12 mandatarios calificados pas\u00f3 al \u00faltimo lugar -ahora son 13 los encuestados- de los presidentes latinoamericanos con un 17%, mientras en primer lugar se ubic\u00f3 Nayib Bukele, de El Salvador, con el 86%, sosteniendo el mismo porcentaje a la encuesta anterior.<\/p>\n<p><img loading=\"lazy\" decoding=\"async\" class=\"alignnone wp-image-11929 \" src=\"http:\/\/www.lodelmomentoloja.com\/wp-content\/uploads\/2022\/10\/ssss.jpg\" alt=\"\" width=\"757\" height=\"635\" srcset=\"https:\/\/www.lodelmomentoloja.com\/wp-content\/uploads\/2022\/10\/ssss.jpg 940w, https:\/\/www.lodelmomentoloja.com\/wp-content\/uploads\/2022\/10\/ssss-300x251.jpg 300w, https:\/\/www.lodelmomentoloja.com\/wp-content\/uploads\/2022\/10\/ssss-768x644.jpg 768w, https:\/\/www.lodelmomentoloja.com\/wp-content\/uploads\/2022\/10\/ssss-640x537.jpg 640w\" sizes=\"(max-width: 757px) 100vw, 757px\" \/><\/p>\n<p>La encuestadora, que es l\u00edder en investigaci\u00f3n de mercados y fue fundada en 1977 en la Rep\u00fablica de Costa Rica, se\u00f1al\u00f3 que para realizar este an\u00e1lisis, recogi\u00f3 la opini\u00f3n de 1.200 ciudadanos de cada pa\u00eds, v\u00eda telef\u00f3nica, de mes de septiembre\/octubre del 2022.<\/p>\n<p><em>S\u00edguenos #LDMnoticias \u00f3 #lodelmomentolojaLDM<\/em><\/p>\n","protected":false},"excerpt":{"rendered":"<p>La Consultor\u00eda Interdisciplinaria en Desarrollo S.A. (CID) public\u00f3 los datos de desempe\u00f1o de los presidentes&#8230;<\/p>\n","protected":false},"author":1,"featured_media":11931,"comment_status":"open","ping_status":"open","sticky":false,"template":"","format":"standard","meta":{"footnotes":""},"categories":[7,1,5],"tags":[],"class_list":["post-11927","post","type-post","status-publish","format-standard","has-post-thumbnail","hentry","category-ecuador","category-inicio","category-loja"],"_links":{"self":[{"href":"https:\/\/www.lodelmomentoloja.com\/index.php?rest_route=\/wp\/v2\/posts\/11927"}],"collection":[{"href":"https:\/\/www.lodelmomentoloja.com\/index.php?rest_route=\/wp\/v2\/posts"}],"about":[{"href":"https:\/\/www.lodelmomentoloja.com\/index.php?rest_route=\/wp\/v2\/types\/post"}],"author":[{"embeddable":true,"href":"https:\/\/www.lodelmomentoloja.com\/index.php?rest_route=\/wp\/v2\/users\/1"}],"replies":[{"embeddable":true,"href":"https:\/\/www.lodelmomentoloja.com\/index.php?rest_route=%2Fwp%2Fv2%2Fcomments&post=11927"}],"version-history":[{"count":2,"href":"https:\/\/www.lodelmomentoloja.com\/index.php?rest_route=\/wp\/v2\/posts\/11927\/revisions"}],"predecessor-version":[{"id":11930,"href":"https:\/\/www.lodelmomentoloja.com\/index.php?rest_route=\/wp\/v2\/posts\/11927\/revisions\/11930"}],"wp:featuredmedia":[{"embeddable":true,"href":"https:\/\/www.lodelmomentoloja.com\/index.php?rest_route=\/wp\/v2\/media\/11931"}],"wp:attachment":[{"href":"https:\/\/www.lodelmomentoloja.com\/index.php?rest_route=%2Fwp%2Fv2%2Fmedia&parent=11927"}],"wp:term":[{"taxonomy":"category","embeddable":true,"href":"https:\/\/www.lodelmomentoloja.com\/index.php?rest_route=%2Fwp%2Fv2%2Fcategories&post=11927"},{"taxonomy":"post_tag","embeddable":true,"href":"https:\/\/www.lodelmomentoloja.com\/index.php?rest_route=%2Fwp%2Fv2%2Ftags&post=11927"}],"curies":[{"name":"wp","href":"https:\/\/api.w.org\/{rel}","templated":true}]}}