{"id":11894,"date":"2022-10-14T14:09:21","date_gmt":"2022-10-14T14:09:21","guid":{"rendered":"https:\/\/www.lodelmomentoloja.com\/?p=11894"},"modified":"2022-10-14T20:11:37","modified_gmt":"2022-10-14T20:11:37","slug":"hombre-del-maletin-ronda-el-cabildo-de-loja","status":"publish","type":"post","link":"https:\/\/www.lodelmomentoloja.com\/?p=11894","title":{"rendered":"\u00bfHombre del malet\u00edn ronda el cabildo de Loja?"},"content":{"rendered":"<p>El cabildo de Loja nuevamente es objeto de cr\u00edticas, esta vez, ya que uno de los ediles ha advertido que <strong>el hombre del malet\u00edn ronda por el cabildo para obtener votos de concejales para subir la tarifa del transporte urbano del cant\u00f3n Loja<\/strong>. Este tema se da mientras se han instalado mesas de di\u00e1logo entre el Municipio de Loja y representantes del sector de transporte para discutir el posible incremento de la tarifa de transporte, recordando que existen dos estudios que analizan las nuevas tarifas:<\/p>\n<ul>\n<li>Desde Municipio de Loja el pasaje normal ser\u00eda 0,33 centavos (+0,03) y el medio pasaje a 0,17 centavos de d\u00f3lar (+0,02).<\/li>\n<li>Desde los transportistas el pasaje normal ser\u00eda 47 centavos (+0,17).<\/li>\n<\/ul>\n<p>Ante la propuesta de Consorcio de Transportistas Urbanos de Loja (CTUL), el edil Pablo Burneo expresi\u00f3n que mantuvo una reuni\u00f3n con el Jefe de Tr\u00e1nsito y quienes desarrollan la propuesta del GAD Loja, refiri\u00e9ndose al alza de 0,03 centavos y 0,03 centavos, manteniendo su criterio que no cumplen con el servicio para usar esos valores. Adem\u00e1s, enfatiz\u00f3 que es mucho peor, hacer que la ciudadan\u00eda paguen un adicional de 4\u2019000.000,00 millones al a\u00f1o, ya que el incremento de 0,10 centavos representar\u00eda cerca de 17.000 USD para los 238 socios de CTUL.<\/p>\n<p>Mientras Pablo Burneo advierte del tema de una posible alza del pasaje y el hombre del malet\u00edn, mismo que buscar\u00eda tentar a los concejales para conseguir votos en el cabildo, Guerrero expres\u00f3 a un medio local que no se mete en estos temas y por su honorabilidad no caer\u00e1 en ese tipo de conversaciones.<\/p>\n<p>&nbsp;<\/p>\n<p><em>S\u00edguenos #LDMnoticias \u00f3 #lodelmomentolojaLDM<\/em><\/p>\n","protected":false},"excerpt":{"rendered":"<p>El cabildo de Loja nuevamente es objeto de cr\u00edticas, esta vez, ya que uno de&#8230;<\/p>\n","protected":false},"author":1,"featured_media":11895,"comment_status":"open","ping_status":"open","sticky":false,"template":"","format":"standard","meta":{"footnotes":""},"categories":[1,5],"tags":[],"class_list":["post-11894","post","type-post","status-publish","format-standard","has-post-thumbnail","hentry","category-inicio","category-loja"],"_links":{"self":[{"href":"https:\/\/www.lodelmomentoloja.com\/index.php?rest_route=\/wp\/v2\/posts\/11894"}],"collection":[{"href":"https:\/\/www.lodelmomentoloja.com\/index.php?rest_route=\/wp\/v2\/posts"}],"about":[{"href":"https:\/\/www.lodelmomentoloja.com\/index.php?rest_route=\/wp\/v2\/types\/post"}],"author":[{"embeddable":true,"href":"https:\/\/www.lodelmomentoloja.com\/index.php?rest_route=\/wp\/v2\/users\/1"}],"replies":[{"embeddable":true,"href":"https:\/\/www.lodelmomentoloja.com\/index.php?rest_route=%2Fwp%2Fv2%2Fcomments&post=11894"}],"version-history":[{"count":1,"href":"https:\/\/www.lodelmomentoloja.com\/index.php?rest_route=\/wp\/v2\/posts\/11894\/revisions"}],"predecessor-version":[{"id":11896,"href":"https:\/\/www.lodelmomentoloja.com\/index.php?rest_route=\/wp\/v2\/posts\/11894\/revisions\/11896"}],"wp:featuredmedia":[{"embeddable":true,"href":"https:\/\/www.lodelmomentoloja.com\/index.php?rest_route=\/wp\/v2\/media\/11895"}],"wp:attachment":[{"href":"https:\/\/www.lodelmomentoloja.com\/index.php?rest_route=%2Fwp%2Fv2%2Fmedia&parent=11894"}],"wp:term":[{"taxonomy":"category","embeddable":true,"href":"https:\/\/www.lodelmomentoloja.com\/index.php?rest_route=%2Fwp%2Fv2%2Fcategories&post=11894"},{"taxonomy":"post_tag","embeddable":true,"href":"https:\/\/www.lodelmomentoloja.com\/index.php?rest_route=%2Fwp%2Fv2%2Ftags&post=11894"}],"curies":[{"name":"wp","href":"https:\/\/api.w.org\/{rel}","templated":true}]}}