{"id":11828,"date":"2022-10-12T12:48:46","date_gmt":"2022-10-12T12:48:46","guid":{"rendered":"https:\/\/www.lodelmomentoloja.com\/?p=11828"},"modified":"2022-10-12T17:50:26","modified_gmt":"2022-10-12T17:50:26","slug":"policia-lojana-en-estado-critico-de-salud","status":"publish","type":"post","link":"https:\/\/www.lodelmomentoloja.com\/?p=11828","title":{"rendered":"Polic\u00eda lojana en estado cr\u00edtico de salud"},"content":{"rendered":"<p>#Nacional | La lojana, de 24 a\u00f1os de edad, se gradu\u00f3 de polic\u00eda hace un a\u00f1o y cuatro meses, y fue gravemente herida tras el ataque en la UPC 2 de la Nueva Prosperina, al noreste de Guayaquil, se conoce que su estado de salud es cr\u00edtico.<\/p>\n<p><iframe loading=\"lazy\" title=\"Polic\u00eda lojana se aferra a la vida tras un ataque armado | LO DEL MOMENTO LOJA\" width=\"640\" height=\"360\" src=\"https:\/\/www.youtube.com\/embed\/-GnqqhgiDkg?feature=oembed\" frameborder=\"0\" allow=\"accelerometer; autoplay; clipboard-write; encrypted-media; gyroscope; picture-in-picture; web-share\" referrerpolicy=\"strict-origin-when-cross-origin\" allowfullscreen><\/iframe><\/p>\n<p>&nbsp;<\/p>\n<p>www.lodelmomentoloja.com<br \/>\n#LDMnoticias #lodelmomentolojaLDM<\/p>\n","protected":false},"excerpt":{"rendered":"<p>#Nacional | La lojana, de 24 a\u00f1os de edad, se gradu\u00f3 de polic\u00eda hace un&#8230;<\/p>\n","protected":false},"author":1,"featured_media":11829,"comment_status":"open","ping_status":"open","sticky":false,"template":"","format":"standard","meta":{"footnotes":""},"categories":[7,1],"tags":[],"class_list":["post-11828","post","type-post","status-publish","format-standard","has-post-thumbnail","hentry","category-ecuador","category-inicio"],"_links":{"self":[{"href":"https:\/\/www.lodelmomentoloja.com\/index.php?rest_route=\/wp\/v2\/posts\/11828"}],"collection":[{"href":"https:\/\/www.lodelmomentoloja.com\/index.php?rest_route=\/wp\/v2\/posts"}],"about":[{"href":"https:\/\/www.lodelmomentoloja.com\/index.php?rest_route=\/wp\/v2\/types\/post"}],"author":[{"embeddable":true,"href":"https:\/\/www.lodelmomentoloja.com\/index.php?rest_route=\/wp\/v2\/users\/1"}],"replies":[{"embeddable":true,"href":"https:\/\/www.lodelmomentoloja.com\/index.php?rest_route=%2Fwp%2Fv2%2Fcomments&post=11828"}],"version-history":[{"count":1,"href":"https:\/\/www.lodelmomentoloja.com\/index.php?rest_route=\/wp\/v2\/posts\/11828\/revisions"}],"predecessor-version":[{"id":11830,"href":"https:\/\/www.lodelmomentoloja.com\/index.php?rest_route=\/wp\/v2\/posts\/11828\/revisions\/11830"}],"wp:featuredmedia":[{"embeddable":true,"href":"https:\/\/www.lodelmomentoloja.com\/index.php?rest_route=\/wp\/v2\/media\/11829"}],"wp:attachment":[{"href":"https:\/\/www.lodelmomentoloja.com\/index.php?rest_route=%2Fwp%2Fv2%2Fmedia&parent=11828"}],"wp:term":[{"taxonomy":"category","embeddable":true,"href":"https:\/\/www.lodelmomentoloja.com\/index.php?rest_route=%2Fwp%2Fv2%2Fcategories&post=11828"},{"taxonomy":"post_tag","embeddable":true,"href":"https:\/\/www.lodelmomentoloja.com\/index.php?rest_route=%2Fwp%2Fv2%2Ftags&post=11828"}],"curies":[{"name":"wp","href":"https:\/\/api.w.org\/{rel}","templated":true}]}}