{"id":11822,"date":"2022-10-12T09:55:43","date_gmt":"2022-10-12T09:55:43","guid":{"rendered":"https:\/\/www.lodelmomentoloja.com\/?p=11822"},"modified":"2022-10-12T15:00:33","modified_gmt":"2022-10-12T15:00:33","slug":"nuevo-secretario-de-comunicacion","status":"publish","type":"post","link":"https:\/\/www.lodelmomentoloja.com\/?p=11822","title":{"rendered":"Nuevo secretario de Comunicaci\u00f3n"},"content":{"rendered":"<p>#Ecuador | Andr\u00e9s Seminario es el nuevo Secretario de Comunicaci\u00f3n.<\/p>\n<p>Mediante una entrevista en un medio de comunicaci\u00f3n, el secretario de la Administraci\u00f3n P\u00fablica, Iv\u00e1n Correa, confirm\u00f3 qui\u00e9n ser\u00e1 el nuevo Secretario de Comunicaci\u00f3n.<\/p>\n<p>El acto de posesi\u00f3n est\u00e1 previsto para las 17:00 de este mi\u00e9rcoles. \u201cAndr\u00e9s Seminario tiene clara su misi\u00f3n y las estrategias que el Gobierno requiere para comunicar con los ciudadanos\u201d, se\u00f1al\u00f3 Correa.<\/p>\n<p>Ese cambio en el Gabinete del primer mandatario, se di\u00f3 luego de que Leonardo Laso present\u00f3 su renuncia y trascendi\u00f3 que por discrepancias en el manejo de la crisis carcelaria.<\/p>\n<p>www.lodelmomentoloja.com<br \/>\n#LDMnoticias #lodelmomentolojaLDM<\/p>\n","protected":false},"excerpt":{"rendered":"<p>#Ecuador | Andr\u00e9s Seminario es el nuevo Secretario de Comunicaci\u00f3n. Mediante una entrevista en un&#8230;<\/p>\n","protected":false},"author":1,"featured_media":11823,"comment_status":"open","ping_status":"open","sticky":false,"template":"","format":"standard","meta":{"footnotes":""},"categories":[7,1],"tags":[],"class_list":["post-11822","post","type-post","status-publish","format-standard","has-post-thumbnail","hentry","category-ecuador","category-inicio"],"_links":{"self":[{"href":"https:\/\/www.lodelmomentoloja.com\/index.php?rest_route=\/wp\/v2\/posts\/11822"}],"collection":[{"href":"https:\/\/www.lodelmomentoloja.com\/index.php?rest_route=\/wp\/v2\/posts"}],"about":[{"href":"https:\/\/www.lodelmomentoloja.com\/index.php?rest_route=\/wp\/v2\/types\/post"}],"author":[{"embeddable":true,"href":"https:\/\/www.lodelmomentoloja.com\/index.php?rest_route=\/wp\/v2\/users\/1"}],"replies":[{"embeddable":true,"href":"https:\/\/www.lodelmomentoloja.com\/index.php?rest_route=%2Fwp%2Fv2%2Fcomments&post=11822"}],"version-history":[{"count":1,"href":"https:\/\/www.lodelmomentoloja.com\/index.php?rest_route=\/wp\/v2\/posts\/11822\/revisions"}],"predecessor-version":[{"id":11824,"href":"https:\/\/www.lodelmomentoloja.com\/index.php?rest_route=\/wp\/v2\/posts\/11822\/revisions\/11824"}],"wp:featuredmedia":[{"embeddable":true,"href":"https:\/\/www.lodelmomentoloja.com\/index.php?rest_route=\/wp\/v2\/media\/11823"}],"wp:attachment":[{"href":"https:\/\/www.lodelmomentoloja.com\/index.php?rest_route=%2Fwp%2Fv2%2Fmedia&parent=11822"}],"wp:term":[{"taxonomy":"category","embeddable":true,"href":"https:\/\/www.lodelmomentoloja.com\/index.php?rest_route=%2Fwp%2Fv2%2Fcategories&post=11822"},{"taxonomy":"post_tag","embeddable":true,"href":"https:\/\/www.lodelmomentoloja.com\/index.php?rest_route=%2Fwp%2Fv2%2Ftags&post=11822"}],"curies":[{"name":"wp","href":"https:\/\/api.w.org\/{rel}","templated":true}]}}