{"id":11769,"date":"2022-10-07T13:25:33","date_gmt":"2022-10-07T13:25:33","guid":{"rendered":"https:\/\/www.lodelmomentoloja.com\/?p=11769"},"modified":"2022-10-07T18:27:28","modified_gmt":"2022-10-07T18:27:28","slug":"candidatos-a-la-prefectura-de-loja","status":"publish","type":"post","link":"https:\/\/www.lodelmomentoloja.com\/?p=11769","title":{"rendered":"Candidatos a la Prefectura de Loja"},"content":{"rendered":"<p>#Loja | Son cinco candidatos para la dignidad de Prefecto de Loja, que ya se encuentran listos para ser posicionados en la papeleta, para las elecciones seccionales en el pr\u00f3ximo 5 de febrero de 2023.<\/p>\n<p>&#8211; Jos\u00e9 Lucero, Candidato para la prefectura de Loja \u2013 Avanza Lista 8<br \/>\n&#8211; Nilo C\u00f3rdova, Candidato para la prefectura de Loja \u2013 PSC Conv. Lista 6-62<br \/>\n&#8211; Kelvin Sigcho, Candidato para la prefectura de Loja \u2013 CD Lista 1<br \/>\n&#8211; C\u00e9sar Garc\u00eda, Candidato para la prefectura de Loja &#8211; ARE Lista 61<br \/>\n&#8211; Vlad\u00edmir Eras, Candidato para la prefectura de Loja \u2013 PID Lista 4<\/p>\n<p>De los 12 precandidatos que aspiraban inicialmente esta dignidad, con el pasar de los d\u00edas y luego de que la Junta Provincial Electoral de Loja, vaya verificando la documentaci\u00f3n presentada, ya se puede conocer qui\u00e9nes son las figuras oficiales para la dignidad de elecci\u00f3n popular, encargada de la Provincia de Loja.<\/p>\n<p>www.lodelmomentoloja.com<\/p>\n<p>#LDMnoticias #lodelmomentolojaLDM<\/p>\n","protected":false},"excerpt":{"rendered":"<p>#Loja | Son cinco candidatos para la dignidad de Prefecto de Loja, que ya se&#8230;<\/p>\n","protected":false},"author":1,"featured_media":11770,"comment_status":"open","ping_status":"open","sticky":false,"template":"","format":"standard","meta":{"footnotes":""},"categories":[1,5],"tags":[],"class_list":["post-11769","post","type-post","status-publish","format-standard","has-post-thumbnail","hentry","category-inicio","category-loja"],"_links":{"self":[{"href":"https:\/\/www.lodelmomentoloja.com\/index.php?rest_route=\/wp\/v2\/posts\/11769"}],"collection":[{"href":"https:\/\/www.lodelmomentoloja.com\/index.php?rest_route=\/wp\/v2\/posts"}],"about":[{"href":"https:\/\/www.lodelmomentoloja.com\/index.php?rest_route=\/wp\/v2\/types\/post"}],"author":[{"embeddable":true,"href":"https:\/\/www.lodelmomentoloja.com\/index.php?rest_route=\/wp\/v2\/users\/1"}],"replies":[{"embeddable":true,"href":"https:\/\/www.lodelmomentoloja.com\/index.php?rest_route=%2Fwp%2Fv2%2Fcomments&post=11769"}],"version-history":[{"count":1,"href":"https:\/\/www.lodelmomentoloja.com\/index.php?rest_route=\/wp\/v2\/posts\/11769\/revisions"}],"predecessor-version":[{"id":11771,"href":"https:\/\/www.lodelmomentoloja.com\/index.php?rest_route=\/wp\/v2\/posts\/11769\/revisions\/11771"}],"wp:featuredmedia":[{"embeddable":true,"href":"https:\/\/www.lodelmomentoloja.com\/index.php?rest_route=\/wp\/v2\/media\/11770"}],"wp:attachment":[{"href":"https:\/\/www.lodelmomentoloja.com\/index.php?rest_route=%2Fwp%2Fv2%2Fmedia&parent=11769"}],"wp:term":[{"taxonomy":"category","embeddable":true,"href":"https:\/\/www.lodelmomentoloja.com\/index.php?rest_route=%2Fwp%2Fv2%2Fcategories&post=11769"},{"taxonomy":"post_tag","embeddable":true,"href":"https:\/\/www.lodelmomentoloja.com\/index.php?rest_route=%2Fwp%2Fv2%2Ftags&post=11769"}],"curies":[{"name":"wp","href":"https:\/\/api.w.org\/{rel}","templated":true}]}}