{"id":11765,"date":"2022-10-07T11:09:20","date_gmt":"2022-10-07T11:09:20","guid":{"rendered":"https:\/\/www.lodelmomentoloja.com\/?p=11765"},"modified":"2022-10-07T16:10:47","modified_gmt":"2022-10-07T16:10:47","slug":"guillermo-lasso-no-asiste-a-asamblea-nacional","status":"publish","type":"post","link":"https:\/\/www.lodelmomentoloja.com\/?p=11765","title":{"rendered":"Guillermo Lasso no asiste a Asamblea Nacional"},"content":{"rendered":"<p>#Ecuador | Una nueva excusa de Lasso.<\/p>\n<p>El presidente de la Rep\u00fablica, Guillermo Lasso, se excus\u00f3 de asistir el viernes 7 de octubre a la primera sesi\u00f3n de la Comisi\u00f3n ocasional por la verdad, justicia y reparaci\u00f3n del caso Mar\u00eda Bel\u00e9n Bernal.<\/p>\n<p>A trav\u00e9s de un oficio enviado el jueves a la presidenta de la Comisi\u00f3n ocasional, Ana Cecilia Herrera, el subsecretario Jur\u00eddico de la Presidencia, Jos\u00e9 Miranda, anunci\u00f3 que el mandatario no acudir\u00e1 debido a \u201ccompromisos de agenda presidencial\u201d, que se planifican cada semana, por lo que estar\u00e1 fuera de Quito.<\/p>\n<p>Adem\u00e1s, se indic\u00f3 que \u201cla comparecencia del presidente de la Rep\u00fablica a la Asamblea Nacional se encuentra prevista exclusivamente en casos espec\u00edficos, conforme a lo dispuesto en la Constituci\u00f3n\u201d.<\/p>\n<p>www.lodelmomentoloja.com<br \/>\n#LDMnoticias #lodelmomentolojaLDM<\/p>\n","protected":false},"excerpt":{"rendered":"<p>#Ecuador | Una nueva excusa de Lasso. El presidente de la Rep\u00fablica, Guillermo Lasso, se&#8230;<\/p>\n","protected":false},"author":1,"featured_media":11766,"comment_status":"open","ping_status":"open","sticky":false,"template":"","format":"standard","meta":{"footnotes":""},"categories":[7,1],"tags":[],"class_list":["post-11765","post","type-post","status-publish","format-standard","has-post-thumbnail","hentry","category-ecuador","category-inicio"],"_links":{"self":[{"href":"https:\/\/www.lodelmomentoloja.com\/index.php?rest_route=\/wp\/v2\/posts\/11765"}],"collection":[{"href":"https:\/\/www.lodelmomentoloja.com\/index.php?rest_route=\/wp\/v2\/posts"}],"about":[{"href":"https:\/\/www.lodelmomentoloja.com\/index.php?rest_route=\/wp\/v2\/types\/post"}],"author":[{"embeddable":true,"href":"https:\/\/www.lodelmomentoloja.com\/index.php?rest_route=\/wp\/v2\/users\/1"}],"replies":[{"embeddable":true,"href":"https:\/\/www.lodelmomentoloja.com\/index.php?rest_route=%2Fwp%2Fv2%2Fcomments&post=11765"}],"version-history":[{"count":1,"href":"https:\/\/www.lodelmomentoloja.com\/index.php?rest_route=\/wp\/v2\/posts\/11765\/revisions"}],"predecessor-version":[{"id":11767,"href":"https:\/\/www.lodelmomentoloja.com\/index.php?rest_route=\/wp\/v2\/posts\/11765\/revisions\/11767"}],"wp:featuredmedia":[{"embeddable":true,"href":"https:\/\/www.lodelmomentoloja.com\/index.php?rest_route=\/wp\/v2\/media\/11766"}],"wp:attachment":[{"href":"https:\/\/www.lodelmomentoloja.com\/index.php?rest_route=%2Fwp%2Fv2%2Fmedia&parent=11765"}],"wp:term":[{"taxonomy":"category","embeddable":true,"href":"https:\/\/www.lodelmomentoloja.com\/index.php?rest_route=%2Fwp%2Fv2%2Fcategories&post=11765"},{"taxonomy":"post_tag","embeddable":true,"href":"https:\/\/www.lodelmomentoloja.com\/index.php?rest_route=%2Fwp%2Fv2%2Ftags&post=11765"}],"curies":[{"name":"wp","href":"https:\/\/api.w.org\/{rel}","templated":true}]}}