{"id":11579,"date":"2022-09-29T08:27:27","date_gmt":"2022-09-29T08:27:27","guid":{"rendered":"https:\/\/www.lodelmomentoloja.com\/?p=11579"},"modified":"2022-09-29T13:29:37","modified_gmt":"2022-09-29T13:29:37","slug":"viceministra-de-educacion-renuncio-al-cargo","status":"publish","type":"post","link":"https:\/\/www.lodelmomentoloja.com\/?p=11579","title":{"rendered":"Viceministra de Educaci\u00f3n renunci\u00f3 al cargo."},"content":{"rendered":"<p>#Ecuador | Pol\u00e9mica renuncia de viceministra.<\/p>\n<p>La viceministra de Educaci\u00f3n, Alexandra C\u00e1rdenas, renunci\u00f3 a su cargo de manera irrevocable la noche del 28 de septiembre del 2022 tras una pol\u00e9mica en redes sociales.<\/p>\n<p>&#8220;Su renuncia fue aceptada por la primera Autoridad Educativa y en el transcurso de los pr\u00f3ximos d\u00edas daremos a conocer su reemplazo de esta cartera de Estado&#8221;, indic\u00f3 el Ministerio de Educaci\u00f3n en un comunicado.<\/p>\n<p>La ahora exfuncionaria estuvo en el centro de atenci\u00f3n por los presuntos mensajes de odio que publicaba y compart\u00eda desde su red social Twitter. Entre los mensajes que public\u00f3 C\u00e1rdenas est\u00e1n temas en los que se vejaba sobre la etnicidad de otras personas; cr\u00edticas a la construcci\u00f3n de las Escuelas del Milenio; tambi\u00e9n escrib\u00eda ep\u00edtetos en contra de otras personas.<\/p>\n<p>Estos post fueron publicados entre 2017 y 2021; es decir antes de que llegue al cargo de Viceministra. Ella lleg\u00f3 a la funci\u00f3n p\u00fablica el 9 de este mes: solo dur\u00f3 19 d\u00edas en el puesto.<\/p>\n<p>Fuente: Radio Din\u00e1mica.<\/p>\n<p>#LDMnoticias #lodelmomentolojaLDM<\/p>\n","protected":false},"excerpt":{"rendered":"<p>#Ecuador | Pol\u00e9mica renuncia de viceministra. La viceministra de Educaci\u00f3n, Alexandra C\u00e1rdenas, renunci\u00f3 a su&#8230;<\/p>\n","protected":false},"author":1,"featured_media":11580,"comment_status":"open","ping_status":"open","sticky":false,"template":"","format":"standard","meta":{"footnotes":""},"categories":[7,1],"tags":[],"class_list":["post-11579","post","type-post","status-publish","format-standard","has-post-thumbnail","hentry","category-ecuador","category-inicio"],"_links":{"self":[{"href":"https:\/\/www.lodelmomentoloja.com\/index.php?rest_route=\/wp\/v2\/posts\/11579"}],"collection":[{"href":"https:\/\/www.lodelmomentoloja.com\/index.php?rest_route=\/wp\/v2\/posts"}],"about":[{"href":"https:\/\/www.lodelmomentoloja.com\/index.php?rest_route=\/wp\/v2\/types\/post"}],"author":[{"embeddable":true,"href":"https:\/\/www.lodelmomentoloja.com\/index.php?rest_route=\/wp\/v2\/users\/1"}],"replies":[{"embeddable":true,"href":"https:\/\/www.lodelmomentoloja.com\/index.php?rest_route=%2Fwp%2Fv2%2Fcomments&post=11579"}],"version-history":[{"count":1,"href":"https:\/\/www.lodelmomentoloja.com\/index.php?rest_route=\/wp\/v2\/posts\/11579\/revisions"}],"predecessor-version":[{"id":11581,"href":"https:\/\/www.lodelmomentoloja.com\/index.php?rest_route=\/wp\/v2\/posts\/11579\/revisions\/11581"}],"wp:featuredmedia":[{"embeddable":true,"href":"https:\/\/www.lodelmomentoloja.com\/index.php?rest_route=\/wp\/v2\/media\/11580"}],"wp:attachment":[{"href":"https:\/\/www.lodelmomentoloja.com\/index.php?rest_route=%2Fwp%2Fv2%2Fmedia&parent=11579"}],"wp:term":[{"taxonomy":"category","embeddable":true,"href":"https:\/\/www.lodelmomentoloja.com\/index.php?rest_route=%2Fwp%2Fv2%2Fcategories&post=11579"},{"taxonomy":"post_tag","embeddable":true,"href":"https:\/\/www.lodelmomentoloja.com\/index.php?rest_route=%2Fwp%2Fv2%2Ftags&post=11579"}],"curies":[{"name":"wp","href":"https:\/\/api.w.org\/{rel}","templated":true}]}}