{"id":11503,"date":"2022-09-26T13:07:07","date_gmt":"2022-09-26T13:07:07","guid":{"rendered":"https:\/\/www.lodelmomentoloja.com\/?p=11503"},"modified":"2022-09-26T18:08:50","modified_gmt":"2022-09-26T18:08:50","slug":"guillermo-lasso-anuncia-nuevo-ministro-del-interior","status":"publish","type":"post","link":"https:\/\/www.lodelmomentoloja.com\/?p=11503","title":{"rendered":"Guillermo Lasso anuncia nuevo ministro"},"content":{"rendered":"<p>#Nacional| El Femicidio de Mar\u00eda Bel\u00e9n Bernal llev\u00f3 al presidente Guillermo Lasso a tomar decisiones, Juan Zapata es el nuevo ministro del interior en reemplazo de Patricio Carrillo, adem\u00e1s orden\u00f3 la desvinculaci\u00f3n de dos generales de polic\u00eda y pidi\u00f3 al mando institucional poner a disposici\u00f3n sus cargos.<\/p>\n<p><iframe loading=\"lazy\" title=\"Guillermo Lasso toma decisiones ante el Caso de Bel\u00e9n Bernal  | LO DEL MOMENTO LOJA\" width=\"640\" height=\"360\" src=\"https:\/\/www.youtube.com\/embed\/EoGcvgCM2I4?feature=oembed\" frameborder=\"0\" allow=\"accelerometer; autoplay; clipboard-write; encrypted-media; gyroscope; picture-in-picture; web-share\" referrerpolicy=\"strict-origin-when-cross-origin\" allowfullscreen><\/iframe><\/p>\n<p>&nbsp;<\/p>\n<p>www.lodelmomentoloja.com<\/p>\n<p>#LDMnoticias #lodelmomentolojaLDM<\/p>\n","protected":false},"excerpt":{"rendered":"<p>#Nacional| El Femicidio de Mar\u00eda Bel\u00e9n Bernal llev\u00f3 al presidente Guillermo Lasso a tomar decisiones,&#8230;<\/p>\n","protected":false},"author":1,"featured_media":11505,"comment_status":"open","ping_status":"open","sticky":false,"template":"","format":"standard","meta":{"footnotes":""},"categories":[7,1],"tags":[],"class_list":["post-11503","post","type-post","status-publish","format-standard","has-post-thumbnail","hentry","category-ecuador","category-inicio"],"_links":{"self":[{"href":"https:\/\/www.lodelmomentoloja.com\/index.php?rest_route=\/wp\/v2\/posts\/11503"}],"collection":[{"href":"https:\/\/www.lodelmomentoloja.com\/index.php?rest_route=\/wp\/v2\/posts"}],"about":[{"href":"https:\/\/www.lodelmomentoloja.com\/index.php?rest_route=\/wp\/v2\/types\/post"}],"author":[{"embeddable":true,"href":"https:\/\/www.lodelmomentoloja.com\/index.php?rest_route=\/wp\/v2\/users\/1"}],"replies":[{"embeddable":true,"href":"https:\/\/www.lodelmomentoloja.com\/index.php?rest_route=%2Fwp%2Fv2%2Fcomments&post=11503"}],"version-history":[{"count":2,"href":"https:\/\/www.lodelmomentoloja.com\/index.php?rest_route=\/wp\/v2\/posts\/11503\/revisions"}],"predecessor-version":[{"id":11506,"href":"https:\/\/www.lodelmomentoloja.com\/index.php?rest_route=\/wp\/v2\/posts\/11503\/revisions\/11506"}],"wp:featuredmedia":[{"embeddable":true,"href":"https:\/\/www.lodelmomentoloja.com\/index.php?rest_route=\/wp\/v2\/media\/11505"}],"wp:attachment":[{"href":"https:\/\/www.lodelmomentoloja.com\/index.php?rest_route=%2Fwp%2Fv2%2Fmedia&parent=11503"}],"wp:term":[{"taxonomy":"category","embeddable":true,"href":"https:\/\/www.lodelmomentoloja.com\/index.php?rest_route=%2Fwp%2Fv2%2Fcategories&post=11503"},{"taxonomy":"post_tag","embeddable":true,"href":"https:\/\/www.lodelmomentoloja.com\/index.php?rest_route=%2Fwp%2Fv2%2Ftags&post=11503"}],"curies":[{"name":"wp","href":"https:\/\/api.w.org\/{rel}","templated":true}]}}