{"id":11497,"date":"2022-09-26T11:57:26","date_gmt":"2022-09-26T11:57:26","guid":{"rendered":"https:\/\/www.lodelmomentoloja.com\/?p=11497"},"modified":"2022-09-26T16:59:08","modified_gmt":"2022-09-26T16:59:08","slug":"edificio-de-policia-sera-cerrado-y-demolido","status":"publish","type":"post","link":"https:\/\/www.lodelmomentoloja.com\/?p=11497","title":{"rendered":"Edificio de Polic\u00eda, ser\u00e1 cerrado y demolido"},"content":{"rendered":"<p>#Ecuador | Edificio donde sucedi\u00f3 femicidio, ser\u00e1 cerrado de forma simb\u00f3lica.<\/p>\n<p>El edificio localizado en las inmediaciones de la Escuela Superior de Formaci\u00f3n de la Polic\u00eda Nacional ser\u00e1 cerrado por las autoridades y seg\u00fan anunci\u00f3 el presidente Guillermo Lasso, una vez que concluyan las pericias en el proceso judicial del caso Mar\u00eda Bel\u00e9n Bernal, ser\u00e1 demolido.<\/p>\n<p>Seg\u00fan la agenda de la Secretar\u00eda de Comunicaci\u00f3n, la posesi\u00f3n del nuevo ministro del Interior, Juan Zapata, se llev\u00f3 en este mismo lugar alrededor de las 10:00 con la participaci\u00f3n del presidente del Ecuador, Guillermo Lasso.<\/p>\n<p>Luego se llev\u00f3 a cabo el acto de cierre simb\u00f3lico con un recorrido de las instalaciones. Y posterior a ello, las autoridades se reunir\u00e1n con los agentes de la polic\u00eda.<\/p>\n<p>www.lodelmomentoloja.com<br \/>\n#LDMnoticias #lodelmomentolojaLDM<\/p>\n","protected":false},"excerpt":{"rendered":"<p>#Ecuador | Edificio donde sucedi\u00f3 femicidio, ser\u00e1 cerrado de forma simb\u00f3lica. El edificio localizado en&#8230;<\/p>\n","protected":false},"author":1,"featured_media":11498,"comment_status":"open","ping_status":"open","sticky":false,"template":"","format":"standard","meta":{"footnotes":""},"categories":[7,1],"tags":[],"class_list":["post-11497","post","type-post","status-publish","format-standard","has-post-thumbnail","hentry","category-ecuador","category-inicio"],"_links":{"self":[{"href":"https:\/\/www.lodelmomentoloja.com\/index.php?rest_route=\/wp\/v2\/posts\/11497"}],"collection":[{"href":"https:\/\/www.lodelmomentoloja.com\/index.php?rest_route=\/wp\/v2\/posts"}],"about":[{"href":"https:\/\/www.lodelmomentoloja.com\/index.php?rest_route=\/wp\/v2\/types\/post"}],"author":[{"embeddable":true,"href":"https:\/\/www.lodelmomentoloja.com\/index.php?rest_route=\/wp\/v2\/users\/1"}],"replies":[{"embeddable":true,"href":"https:\/\/www.lodelmomentoloja.com\/index.php?rest_route=%2Fwp%2Fv2%2Fcomments&post=11497"}],"version-history":[{"count":1,"href":"https:\/\/www.lodelmomentoloja.com\/index.php?rest_route=\/wp\/v2\/posts\/11497\/revisions"}],"predecessor-version":[{"id":11499,"href":"https:\/\/www.lodelmomentoloja.com\/index.php?rest_route=\/wp\/v2\/posts\/11497\/revisions\/11499"}],"wp:featuredmedia":[{"embeddable":true,"href":"https:\/\/www.lodelmomentoloja.com\/index.php?rest_route=\/wp\/v2\/media\/11498"}],"wp:attachment":[{"href":"https:\/\/www.lodelmomentoloja.com\/index.php?rest_route=%2Fwp%2Fv2%2Fmedia&parent=11497"}],"wp:term":[{"taxonomy":"category","embeddable":true,"href":"https:\/\/www.lodelmomentoloja.com\/index.php?rest_route=%2Fwp%2Fv2%2Fcategories&post=11497"},{"taxonomy":"post_tag","embeddable":true,"href":"https:\/\/www.lodelmomentoloja.com\/index.php?rest_route=%2Fwp%2Fv2%2Ftags&post=11497"}],"curies":[{"name":"wp","href":"https:\/\/api.w.org\/{rel}","templated":true}]}}