{"id":11490,"date":"2022-09-26T10:07:27","date_gmt":"2022-09-26T10:07:27","guid":{"rendered":"https:\/\/www.lodelmomentoloja.com\/?p=11490"},"modified":"2022-09-26T15:09:53","modified_gmt":"2022-09-26T15:09:53","slug":"dia-de-la-bandera-nacional","status":"publish","type":"post","link":"https:\/\/www.lodelmomentoloja.com\/?p=11490","title":{"rendered":"D\u00eda de la bandera nacional"},"content":{"rendered":"<p>Hoy los \ud83c\uddea\ud83c\udde8 ecuatorianos \ud83c\uddea\ud83c\udde8 celebramos el D\u00eda de la Bandera Nacional.<\/p>\n<p>Sublime s\u00edmbolo tricolor de nacionalidad, ella representa la historia de gloria y el futuro de esperanza de todos los ecuatorianos.<\/p>\n<p>Conoce un poco acerca de su historia:<\/p>\n<p>La historia de la Bandera del Ecuador se remonta al 26 de septiembre de 1860, Gabriel Garc\u00eda Moreno, entonces jefe supremo de la Rep\u00fablica del Ecuador, estableci\u00f3, mediante decreto ejecutivo, que la Bandera Nacional estar\u00eda compuesta de los colores amarillo, azul y rojo, reemplazando el bicolor marxista celeste y blanco que hasta entonces exist\u00eda.<\/p>\n<p>El 7 de noviembre de 1900, para reafirmar la decisi\u00f3n y establecer el 26 de septiembre como D\u00eda de la Bandera, el Congreso Nacional dispuso, mediante Decreto Legislativo, que \u201cel pabell\u00f3n Nacional ser\u00e1 sin alteraci\u00f3n alguna el que adopt\u00f3 el Ecuador desde que proclam\u00f3 su independencia.<\/p>\n<p>Adem\u00e1s, en aquel decreto se estableci\u00f3 que la Bandera del Ecuador estar\u00eda formada por lo colores son amarillo, azul y rojo, en l\u00edneas horizontales.<\/p>\n<p>Luego de ello, en 1955, el Congreso Nacional design\u00f3 el 26 de septiembre como el D\u00eda de la Bandera ecuatoriana, jornada en que las diversas instituciones educativas y gubernamentales deben rendirle respeto al s\u00edmbolo patrio.<\/p>\n<p>www.lodelmomentoloja.com<br \/>\n#LDMnoticias #lodelmomentolojaLDM<\/p>\n","protected":false},"excerpt":{"rendered":"<p>Hoy los \ud83c\uddea\ud83c\udde8 ecuatorianos \ud83c\uddea\ud83c\udde8 celebramos el D\u00eda de la Bandera Nacional. Sublime s\u00edmbolo tricolor&#8230;<\/p>\n","protected":false},"author":1,"featured_media":11491,"comment_status":"open","ping_status":"open","sticky":false,"template":"","format":"standard","meta":{"footnotes":""},"categories":[7,1],"tags":[],"class_list":["post-11490","post","type-post","status-publish","format-standard","has-post-thumbnail","hentry","category-ecuador","category-inicio"],"_links":{"self":[{"href":"https:\/\/www.lodelmomentoloja.com\/index.php?rest_route=\/wp\/v2\/posts\/11490"}],"collection":[{"href":"https:\/\/www.lodelmomentoloja.com\/index.php?rest_route=\/wp\/v2\/posts"}],"about":[{"href":"https:\/\/www.lodelmomentoloja.com\/index.php?rest_route=\/wp\/v2\/types\/post"}],"author":[{"embeddable":true,"href":"https:\/\/www.lodelmomentoloja.com\/index.php?rest_route=\/wp\/v2\/users\/1"}],"replies":[{"embeddable":true,"href":"https:\/\/www.lodelmomentoloja.com\/index.php?rest_route=%2Fwp%2Fv2%2Fcomments&post=11490"}],"version-history":[{"count":1,"href":"https:\/\/www.lodelmomentoloja.com\/index.php?rest_route=\/wp\/v2\/posts\/11490\/revisions"}],"predecessor-version":[{"id":11492,"href":"https:\/\/www.lodelmomentoloja.com\/index.php?rest_route=\/wp\/v2\/posts\/11490\/revisions\/11492"}],"wp:featuredmedia":[{"embeddable":true,"href":"https:\/\/www.lodelmomentoloja.com\/index.php?rest_route=\/wp\/v2\/media\/11491"}],"wp:attachment":[{"href":"https:\/\/www.lodelmomentoloja.com\/index.php?rest_route=%2Fwp%2Fv2%2Fmedia&parent=11490"}],"wp:term":[{"taxonomy":"category","embeddable":true,"href":"https:\/\/www.lodelmomentoloja.com\/index.php?rest_route=%2Fwp%2Fv2%2Fcategories&post=11490"},{"taxonomy":"post_tag","embeddable":true,"href":"https:\/\/www.lodelmomentoloja.com\/index.php?rest_route=%2Fwp%2Fv2%2Ftags&post=11490"}],"curies":[{"name":"wp","href":"https:\/\/api.w.org\/{rel}","templated":true}]}}