{"id":11458,"date":"2022-09-23T11:55:26","date_gmt":"2022-09-23T11:55:26","guid":{"rendered":"https:\/\/www.lodelmomentoloja.com\/?p=11458"},"modified":"2022-09-23T17:19:34","modified_gmt":"2022-09-23T17:19:34","slug":"en-loja-hay-candidaturas-en-firmes-para-el-2023","status":"publish","type":"post","link":"https:\/\/www.lodelmomentoloja.com\/?p=11458","title":{"rendered":"En Loja hay candidaturas en firme para el 2023."},"content":{"rendered":"<p>Sandra Rodr\u00edguez, Presidenta de la Junta Provincial Electoral, inform\u00f3 sobre las candidaturas en firme que en la provincia de Loja, en cuanto <strong>a la Alcald\u00eda del cant\u00f3n Loja existen 15 candidaturas<\/strong> que se han registrado y <strong>12 candidaturas a la prefectura de Loja<\/strong>.<\/p>\n<p>Si hablamos del cant\u00f3n Loja, <strong>hasta el momento Jos\u00e9 Bol\u00edvar Castillo del movimiento ARE est\u00e1 en firme<\/strong>, mientras los otros 14 est\u00e1n en la etapa de notificaci\u00f3n de las inscripciones de candidaturas, algo que durar\u00e1 dos d\u00edas. Por otro lado, <strong>Nilo C\u00f3rdova del Partido Social Cristiano ha pasado la fase de notificaci\u00f3n<\/strong> y su candidatura estar\u00e1 en la papeleta de las elecciones del 2023.<\/p>\n<p>En cuanto a otras figuras pol\u00edticas que han realizado los diferentes procesos para las seccionales del pr\u00f3ximo a\u00f1o, est\u00e1<strong> Yuliana Rogel<\/strong> del Movimiento Alianza Fronteriza Lista 101 con su candidatura para la Alcald\u00eda de Zapotillo, <strong>Jorge Montero<\/strong> de por Concentraci\u00f3n de Fuerzas Populares Calveces (CFP-C), listas 114 y el \u00faltimo, es <strong>Jairo Monta\u00f1o<\/strong> como candidato a la Alcald\u00eda de Saraguro por Centro Democr\u00e1tico Lista 1.<\/p>\n<p>En los pr\u00f3ximos d\u00edas, se conocer\u00e1 quienes han pasado la etapa de notificaci\u00f3n e impugnaci\u00f3n con lo que se podr\u00e1 ver a los firmes candidatos para las elecciones seccionales del 2023.<\/p>\n<p><em>S\u00edguenos #LDMnoticias \u00f3 #lodelmomentolojaLDM<\/em><\/p>\n","protected":false},"excerpt":{"rendered":"<p>Sandra Rodr\u00edguez, Presidenta de la Junta Provincial Electoral, inform\u00f3 sobre las candidaturas en firme que&#8230;<\/p>\n","protected":false},"author":1,"featured_media":11459,"comment_status":"open","ping_status":"open","sticky":false,"template":"","format":"standard","meta":{"footnotes":""},"categories":[1,5],"tags":[],"class_list":["post-11458","post","type-post","status-publish","format-standard","has-post-thumbnail","hentry","category-inicio","category-loja"],"_links":{"self":[{"href":"https:\/\/www.lodelmomentoloja.com\/index.php?rest_route=\/wp\/v2\/posts\/11458"}],"collection":[{"href":"https:\/\/www.lodelmomentoloja.com\/index.php?rest_route=\/wp\/v2\/posts"}],"about":[{"href":"https:\/\/www.lodelmomentoloja.com\/index.php?rest_route=\/wp\/v2\/types\/post"}],"author":[{"embeddable":true,"href":"https:\/\/www.lodelmomentoloja.com\/index.php?rest_route=\/wp\/v2\/users\/1"}],"replies":[{"embeddable":true,"href":"https:\/\/www.lodelmomentoloja.com\/index.php?rest_route=%2Fwp%2Fv2%2Fcomments&post=11458"}],"version-history":[{"count":2,"href":"https:\/\/www.lodelmomentoloja.com\/index.php?rest_route=\/wp\/v2\/posts\/11458\/revisions"}],"predecessor-version":[{"id":11461,"href":"https:\/\/www.lodelmomentoloja.com\/index.php?rest_route=\/wp\/v2\/posts\/11458\/revisions\/11461"}],"wp:featuredmedia":[{"embeddable":true,"href":"https:\/\/www.lodelmomentoloja.com\/index.php?rest_route=\/wp\/v2\/media\/11459"}],"wp:attachment":[{"href":"https:\/\/www.lodelmomentoloja.com\/index.php?rest_route=%2Fwp%2Fv2%2Fmedia&parent=11458"}],"wp:term":[{"taxonomy":"category","embeddable":true,"href":"https:\/\/www.lodelmomentoloja.com\/index.php?rest_route=%2Fwp%2Fv2%2Fcategories&post=11458"},{"taxonomy":"post_tag","embeddable":true,"href":"https:\/\/www.lodelmomentoloja.com\/index.php?rest_route=%2Fwp%2Fv2%2Ftags&post=11458"}],"curies":[{"name":"wp","href":"https:\/\/api.w.org\/{rel}","templated":true}]}}