{"id":11446,"date":"2022-09-23T08:27:10","date_gmt":"2022-09-23T08:27:10","guid":{"rendered":"https:\/\/www.lodelmomentoloja.com\/?p=11446"},"modified":"2022-09-23T13:28:06","modified_gmt":"2022-09-23T13:28:06","slug":"libertad-f-c-tiene-nuevo-dt","status":"publish","type":"post","link":"https:\/\/www.lodelmomentoloja.com\/?p=11446","title":{"rendered":"Libertad F.C. tiene nuevo DT."},"content":{"rendered":"<p>#Loja | Pa\u00fal V\u00e9lez, nuevo DT de Libertad F.C.<\/p>\n<p>La noche del jueves 22 de Septiembre, el estratega ecuatoriano fue anunciado como nuevo entrenador del equipo lojano Libertad F.C. llegando a reemplazar al chileno Nelson Tapia.<\/p>\n<p>Mediante un comunicado oficial se inform\u00f3 lo siguiente &#8220;Se comunica a nuestros seguidores, medios de comunicaci\u00f3n y a la opini\u00f3n p\u00fablica en general que, se ha llegado aun acuerdo para que el cuerpo t\u00e9cnico encabezado por el profesor Pa\u00fal V\u00e9lez, tome el mando de la direcci\u00f3n del primer plantel, BIENVENIDO.&#8221;<\/p>\n<p>El reto de V\u00e9lez ser\u00e1 de posicionarse en los dos primeros lugares que otorgan los cupos a la LigaPro Serie A de 2023. Misma que est\u00e1 liderada por El Nacional con 45 puntos, seguido de Independiente Juniors con 44 puntos y el Am\u00e9rica con 42.<\/p>\n<p>El debut del estratega ser\u00e1 el pr\u00f3ximo s\u00e1bado 24 de Septiembre ante el cuadro de Olmedo de Riobamba, en el estadio Reina del Cisne, a partir de las 12h00<\/p>\n<p>TRAYECTORIA DE PA\u00daL V\u00c9LEZ.<\/p>\n<p>El Cuencano Pa\u00fal V\u00e9lez a sus 51 a\u00f1os de edad, ha sido entrenador con los equipos juveniles del Deportivo Cuenca, adem\u00e1s tambi\u00e9n debuto con el plantel profesional del mismo en 2008.<\/p>\n<p>Adem\u00e1s tambi\u00e9n ha sido representante del T\u00e9cnico Universitario, Liga de Loja, Deportivo Quito, Macar\u00e1 y Delf\u00edn. Dentro de su carrera ha obtenido dos t\u00edtulos de la Serie B, con el T\u00e9cnico Universitario y otro con el Macar\u00e1.<\/p>\n<p>www.lodelmomentoloja.com<br \/>\n#LDMnoticias #lodelmomentolojaLDM<\/p>\n","protected":false},"excerpt":{"rendered":"<p>#Loja | Pa\u00fal V\u00e9lez, nuevo DT de Libertad F.C. La noche del jueves 22 de&#8230;<\/p>\n","protected":false},"author":1,"featured_media":11447,"comment_status":"open","ping_status":"open","sticky":false,"template":"","format":"standard","meta":{"footnotes":""},"categories":[1,5],"tags":[],"class_list":["post-11446","post","type-post","status-publish","format-standard","has-post-thumbnail","hentry","category-inicio","category-loja"],"_links":{"self":[{"href":"https:\/\/www.lodelmomentoloja.com\/index.php?rest_route=\/wp\/v2\/posts\/11446"}],"collection":[{"href":"https:\/\/www.lodelmomentoloja.com\/index.php?rest_route=\/wp\/v2\/posts"}],"about":[{"href":"https:\/\/www.lodelmomentoloja.com\/index.php?rest_route=\/wp\/v2\/types\/post"}],"author":[{"embeddable":true,"href":"https:\/\/www.lodelmomentoloja.com\/index.php?rest_route=\/wp\/v2\/users\/1"}],"replies":[{"embeddable":true,"href":"https:\/\/www.lodelmomentoloja.com\/index.php?rest_route=%2Fwp%2Fv2%2Fcomments&post=11446"}],"version-history":[{"count":1,"href":"https:\/\/www.lodelmomentoloja.com\/index.php?rest_route=\/wp\/v2\/posts\/11446\/revisions"}],"predecessor-version":[{"id":11448,"href":"https:\/\/www.lodelmomentoloja.com\/index.php?rest_route=\/wp\/v2\/posts\/11446\/revisions\/11448"}],"wp:featuredmedia":[{"embeddable":true,"href":"https:\/\/www.lodelmomentoloja.com\/index.php?rest_route=\/wp\/v2\/media\/11447"}],"wp:attachment":[{"href":"https:\/\/www.lodelmomentoloja.com\/index.php?rest_route=%2Fwp%2Fv2%2Fmedia&parent=11446"}],"wp:term":[{"taxonomy":"category","embeddable":true,"href":"https:\/\/www.lodelmomentoloja.com\/index.php?rest_route=%2Fwp%2Fv2%2Fcategories&post=11446"},{"taxonomy":"post_tag","embeddable":true,"href":"https:\/\/www.lodelmomentoloja.com\/index.php?rest_route=%2Fwp%2Fv2%2Ftags&post=11446"}],"curies":[{"name":"wp","href":"https:\/\/api.w.org\/{rel}","templated":true}]}}