{"id":11436,"date":"2022-09-22T16:27:59","date_gmt":"2022-09-22T16:27:59","guid":{"rendered":"https:\/\/www.lodelmomentoloja.com\/?p=11436"},"modified":"2022-09-22T21:29:39","modified_gmt":"2022-09-22T21:29:39","slug":"capilla-ardiente-en-honor-a-maria-belen-bernal","status":"publish","type":"post","link":"https:\/\/www.lodelmomentoloja.com\/?p=11436","title":{"rendered":"Capilla ardiente en honor a Mar\u00eda Bel\u00e9n Bernal"},"content":{"rendered":"<p>#Loja | Con una capilla ardiente despiden a Mar\u00eda Bel\u00e9n Bernal, quien fue reportada como desaparecida tras haber entrado a la Escuela Superior de Polic\u00eda la madrugada del 11 de septiembre para ver a su esposo, un teniente de la Polic\u00eda que se encuentra pr\u00f3fugo. Este caso conmocion\u00f3 al pa\u00eds y gener\u00f3 reacciones en las altas esferas del gobierno.<\/p>\n<p><iframe loading=\"lazy\" title=\"\u00daltimo adi\u00f3s a Mar\u00eda Bel\u00e9n Bernal | LO DEL MOMENTO LOJA\" width=\"640\" height=\"360\" src=\"https:\/\/www.youtube.com\/embed\/bTQXi-M4zvA?feature=oembed\" frameborder=\"0\" allow=\"accelerometer; autoplay; clipboard-write; encrypted-media; gyroscope; picture-in-picture; web-share\" referrerpolicy=\"strict-origin-when-cross-origin\" allowfullscreen><\/iframe><\/p>\n<p>&nbsp;<\/p>\n<p>www.lodelmomentoloja.com<br \/>\n#LDMnoticias #lodelmomentolojaLDM<\/p>\n","protected":false},"excerpt":{"rendered":"<p>#Loja | Con una capilla ardiente despiden a Mar\u00eda Bel\u00e9n Bernal, quien fue reportada como&#8230;<\/p>\n","protected":false},"author":1,"featured_media":11437,"comment_status":"open","ping_status":"open","sticky":false,"template":"","format":"standard","meta":{"footnotes":""},"categories":[7,1],"tags":[],"class_list":["post-11436","post","type-post","status-publish","format-standard","has-post-thumbnail","hentry","category-ecuador","category-inicio"],"_links":{"self":[{"href":"https:\/\/www.lodelmomentoloja.com\/index.php?rest_route=\/wp\/v2\/posts\/11436"}],"collection":[{"href":"https:\/\/www.lodelmomentoloja.com\/index.php?rest_route=\/wp\/v2\/posts"}],"about":[{"href":"https:\/\/www.lodelmomentoloja.com\/index.php?rest_route=\/wp\/v2\/types\/post"}],"author":[{"embeddable":true,"href":"https:\/\/www.lodelmomentoloja.com\/index.php?rest_route=\/wp\/v2\/users\/1"}],"replies":[{"embeddable":true,"href":"https:\/\/www.lodelmomentoloja.com\/index.php?rest_route=%2Fwp%2Fv2%2Fcomments&post=11436"}],"version-history":[{"count":1,"href":"https:\/\/www.lodelmomentoloja.com\/index.php?rest_route=\/wp\/v2\/posts\/11436\/revisions"}],"predecessor-version":[{"id":11438,"href":"https:\/\/www.lodelmomentoloja.com\/index.php?rest_route=\/wp\/v2\/posts\/11436\/revisions\/11438"}],"wp:featuredmedia":[{"embeddable":true,"href":"https:\/\/www.lodelmomentoloja.com\/index.php?rest_route=\/wp\/v2\/media\/11437"}],"wp:attachment":[{"href":"https:\/\/www.lodelmomentoloja.com\/index.php?rest_route=%2Fwp%2Fv2%2Fmedia&parent=11436"}],"wp:term":[{"taxonomy":"category","embeddable":true,"href":"https:\/\/www.lodelmomentoloja.com\/index.php?rest_route=%2Fwp%2Fv2%2Fcategories&post=11436"},{"taxonomy":"post_tag","embeddable":true,"href":"https:\/\/www.lodelmomentoloja.com\/index.php?rest_route=%2Fwp%2Fv2%2Ftags&post=11436"}],"curies":[{"name":"wp","href":"https:\/\/api.w.org\/{rel}","templated":true}]}}