{"id":11426,"date":"2022-09-22T09:18:16","date_gmt":"2022-09-22T09:18:16","guid":{"rendered":"https:\/\/www.lodelmomentoloja.com\/?p=11426"},"modified":"2022-09-22T14:21:05","modified_gmt":"2022-09-22T14:21:05","slug":"dicaprio-se-pronuncia-a-favor-del-valle-de-intag","status":"publish","type":"post","link":"https:\/\/www.lodelmomentoloja.com\/?p=11426","title":{"rendered":"DiCaprio se pronuncia a favor del Valle de \u00cdntag"},"content":{"rendered":"<p>El actor estadounidense\u00a0<strong>Leonardo DiCaprio<\/strong>\u00a0comparti\u00f3 este mi\u00e9rcoles, 21 de septiembre de 2022, im\u00e1genes con m\u00fasica y textos en ingl\u00e9s y espa\u00f1ol sobre la defensa de los derechos de la naturaleza d<strong>el Valle de \u00cdntag<\/strong>, localizado en la provincia de Imbabura.<\/p>\n<p>De esta forma se sumo al\u00a0<strong>pedido\u00a0<\/strong>de los\u00a0<strong>habitantes y activistas<\/strong>\u00a0que esperan el resultado de la audiencia por la vulneraci\u00f3n a los derechos de la naturaleza y falta de consulta ambiental en \u00cdntag.<\/p>\n<p>No es la primera vez que el famoso estadounidense se pronuncia a favor a este tema ambiental. Su cuenta Facebook es un reflejo de sus apuestas ambientales en el mundo.<\/p>\n<p>V\u00eda: El Comercio<\/p>\n<p>www.lodelmomentoloja.com<\/p>\n<p>#LDMnoticias #lodelmomentolojaLDM<\/p>\n","protected":false},"excerpt":{"rendered":"<p>El actor estadounidense\u00a0Leonardo DiCaprio\u00a0comparti\u00f3 este mi\u00e9rcoles, 21 de septiembre de 2022, im\u00e1genes con m\u00fasica y&#8230;<\/p>\n","protected":false},"author":1,"featured_media":11427,"comment_status":"open","ping_status":"open","sticky":false,"template":"","format":"standard","meta":{"footnotes":""},"categories":[7,1],"tags":[],"class_list":["post-11426","post","type-post","status-publish","format-standard","has-post-thumbnail","hentry","category-ecuador","category-inicio"],"_links":{"self":[{"href":"https:\/\/www.lodelmomentoloja.com\/index.php?rest_route=\/wp\/v2\/posts\/11426"}],"collection":[{"href":"https:\/\/www.lodelmomentoloja.com\/index.php?rest_route=\/wp\/v2\/posts"}],"about":[{"href":"https:\/\/www.lodelmomentoloja.com\/index.php?rest_route=\/wp\/v2\/types\/post"}],"author":[{"embeddable":true,"href":"https:\/\/www.lodelmomentoloja.com\/index.php?rest_route=\/wp\/v2\/users\/1"}],"replies":[{"embeddable":true,"href":"https:\/\/www.lodelmomentoloja.com\/index.php?rest_route=%2Fwp%2Fv2%2Fcomments&post=11426"}],"version-history":[{"count":2,"href":"https:\/\/www.lodelmomentoloja.com\/index.php?rest_route=\/wp\/v2\/posts\/11426\/revisions"}],"predecessor-version":[{"id":11429,"href":"https:\/\/www.lodelmomentoloja.com\/index.php?rest_route=\/wp\/v2\/posts\/11426\/revisions\/11429"}],"wp:featuredmedia":[{"embeddable":true,"href":"https:\/\/www.lodelmomentoloja.com\/index.php?rest_route=\/wp\/v2\/media\/11427"}],"wp:attachment":[{"href":"https:\/\/www.lodelmomentoloja.com\/index.php?rest_route=%2Fwp%2Fv2%2Fmedia&parent=11426"}],"wp:term":[{"taxonomy":"category","embeddable":true,"href":"https:\/\/www.lodelmomentoloja.com\/index.php?rest_route=%2Fwp%2Fv2%2Fcategories&post=11426"},{"taxonomy":"post_tag","embeddable":true,"href":"https:\/\/www.lodelmomentoloja.com\/index.php?rest_route=%2Fwp%2Fv2%2Ftags&post=11426"}],"curies":[{"name":"wp","href":"https:\/\/api.w.org\/{rel}","templated":true}]}}