{"id":11412,"date":"2022-09-21T13:19:35","date_gmt":"2022-09-21T13:19:35","guid":{"rendered":"https:\/\/www.lodelmomentoloja.com\/?p=11412"},"modified":"2022-09-21T18:22:26","modified_gmt":"2022-09-21T18:22:26","slug":"ministro-carrillo-podria-dejar-su-cargo","status":"publish","type":"post","link":"https:\/\/www.lodelmomentoloja.com\/?p=11412","title":{"rendered":"Ministro Carrillo podr\u00eda dejar su cargo."},"content":{"rendered":"<p dir=\"ltr\">#Ecuador | El ministro del interior Patricio Carrillo, dejar\u00e1 su cargo si en m\u00e1ximo 30 d\u00edas no hay resultados en la b\u00fasqueda de Mar\u00eda Bel\u00e9n Bernal.<\/p>\n<p dir=\"ltr\">Carrillo ofreci\u00f3 detalles de la investigaci\u00f3n, cuyos indicios hacen suponer que la desaparecida fue v\u00edctima de violencia.<\/p>\n<p dir=\"ltr\">Para Carrillo el caso amerita un trabajo articulado entre Polic\u00eda y Fiscal\u00eda y se\u00f1al\u00f3 que le gustar\u00eda que el fiscal que lleva el caso informe tambi\u00e9n los avances permanentes.<\/p>\n<p dir=\"ltr\">Reiter\u00f3 que los esfuerzos de b\u00fasqueda tanto de la v\u00edctima como del sospechoso.<\/p>\n<p dir=\"ltr\">Se\u00f1al\u00f3 que si el polic\u00eda sospechoso del acto violento abandon\u00f3 el pa\u00eds no hay preocupaci\u00f3n porque existen coordinaciones bilaterales y multilaterales con otros pa\u00edses que permitir\u00edan su captura y traslado al pa\u00eds.<\/p>\n<p dir=\"ltr\">Fuente: Teleamazonas<\/p>\n<p dir=\"ltr\">www.lodelmomentoloja.com<br \/>\n#LDMnoticias#lodelmomentolojaLDM<\/p>\n","protected":false},"excerpt":{"rendered":"<p>#Ecuador | El ministro del interior Patricio Carrillo, dejar\u00e1 su cargo si en m\u00e1ximo 30&#8230;<\/p>\n","protected":false},"author":1,"featured_media":11413,"comment_status":"open","ping_status":"open","sticky":false,"template":"","format":"standard","meta":{"footnotes":""},"categories":[7,1],"tags":[],"class_list":["post-11412","post","type-post","status-publish","format-standard","has-post-thumbnail","hentry","category-ecuador","category-inicio"],"_links":{"self":[{"href":"https:\/\/www.lodelmomentoloja.com\/index.php?rest_route=\/wp\/v2\/posts\/11412"}],"collection":[{"href":"https:\/\/www.lodelmomentoloja.com\/index.php?rest_route=\/wp\/v2\/posts"}],"about":[{"href":"https:\/\/www.lodelmomentoloja.com\/index.php?rest_route=\/wp\/v2\/types\/post"}],"author":[{"embeddable":true,"href":"https:\/\/www.lodelmomentoloja.com\/index.php?rest_route=\/wp\/v2\/users\/1"}],"replies":[{"embeddable":true,"href":"https:\/\/www.lodelmomentoloja.com\/index.php?rest_route=%2Fwp%2Fv2%2Fcomments&post=11412"}],"version-history":[{"count":1,"href":"https:\/\/www.lodelmomentoloja.com\/index.php?rest_route=\/wp\/v2\/posts\/11412\/revisions"}],"predecessor-version":[{"id":11414,"href":"https:\/\/www.lodelmomentoloja.com\/index.php?rest_route=\/wp\/v2\/posts\/11412\/revisions\/11414"}],"wp:featuredmedia":[{"embeddable":true,"href":"https:\/\/www.lodelmomentoloja.com\/index.php?rest_route=\/wp\/v2\/media\/11413"}],"wp:attachment":[{"href":"https:\/\/www.lodelmomentoloja.com\/index.php?rest_route=%2Fwp%2Fv2%2Fmedia&parent=11412"}],"wp:term":[{"taxonomy":"category","embeddable":true,"href":"https:\/\/www.lodelmomentoloja.com\/index.php?rest_route=%2Fwp%2Fv2%2Fcategories&post=11412"},{"taxonomy":"post_tag","embeddable":true,"href":"https:\/\/www.lodelmomentoloja.com\/index.php?rest_route=%2Fwp%2Fv2%2Ftags&post=11412"}],"curies":[{"name":"wp","href":"https:\/\/api.w.org\/{rel}","templated":true}]}}