{"id":11371,"date":"2022-09-20T10:00:15","date_gmt":"2022-09-20T10:00:15","guid":{"rendered":"https:\/\/www.lodelmomentoloja.com\/?p=11371"},"modified":"2022-09-20T15:19:09","modified_gmt":"2022-09-20T15:19:09","slug":"personal-de-enfermeria-atiende-en-centros-gerontologicos-y-albergues","status":"publish","type":"post","link":"https:\/\/www.lodelmomentoloja.com\/?p=11371","title":{"rendered":"Personal de enfermer\u00eda atiende en centros gerontol\u00f3gicos y albergues"},"content":{"rendered":"<p>Los adultos mayores y la ni\u00f1ez reciben atenci\u00f3n gratuita en salud durante un trimestre, <strong>seg\u00fan contempla el proyecto de funciones, t\u00e9cnicas y pr\u00e1cticas de Enfermer\u00eda del Instituto Superior Universitario Bolivariano.<\/strong><\/p>\n<p><img loading=\"lazy\" decoding=\"async\" class=\"alignnone wp-image-11377 size-large\" src=\"http:\/\/www.lodelmomentoloja.com\/wp-content\/uploads\/2022\/09\/gfrewq-1024x497.jpg\" alt=\"\" width=\"640\" height=\"311\" srcset=\"https:\/\/www.lodelmomentoloja.com\/wp-content\/uploads\/2022\/09\/gfrewq-1024x497.jpg 1024w, https:\/\/www.lodelmomentoloja.com\/wp-content\/uploads\/2022\/09\/gfrewq-300x146.jpg 300w, https:\/\/www.lodelmomentoloja.com\/wp-content\/uploads\/2022\/09\/gfrewq-768x373.jpg 768w, https:\/\/www.lodelmomentoloja.com\/wp-content\/uploads\/2022\/09\/gfrewq-640x311.jpg 640w, https:\/\/www.lodelmomentoloja.com\/wp-content\/uploads\/2022\/09\/gfrewq.jpg 1262w\" sizes=\"(max-width: 640px) 100vw, 640px\" \/><\/p>\n<p>Centros gerontol\u00f3gicos, asistenciales y albergues de Loja constituyen los sitios de realizaci\u00f3n del proyecto de vinculaci\u00f3n social, bajo responsabilidad de la Carrera de Enfermer\u00eda del Instituto Superior Universitario Bolivariano.<\/p>\n<p>El trabajo se efect\u00faa entre el cinco de agosto hasta el 21 de octubre, inform\u00f3 Ver\u00f3nica Castillo, directora de la Carrera en menci\u00f3n. Participan profesionales en formaci\u00f3n de los terceros y cuartos ciclos, junto con la tutor\u00eda de docentes, previa aprobaci\u00f3n de horarios y rutas.<\/p>\n<p>&nbsp;<\/p>\n<p><strong>Adultos mayores<\/strong><\/p>\n<p>El centro geri\u00e1trico Hogar Estancia de Paz \u2018Francisco Valdivieso\u2019, localizado en el barrio Landangui, parroquia Malacatos, al suroriente del cant\u00f3n lojano, representa uno de los establecimientos <strong>con asistencia t\u00e9cnica del personal de Enfermer\u00eda dirigida a 13 pacientes<\/strong>, desde el uno de septiembre.<\/p>\n<p>Ramiro Alarc\u00f3n, catedr\u00e1tico, visit\u00f3 al grupo de ocho estudiantes que realizan actividades de identificaci\u00f3n de signos y s\u00edntomas de \u00falceras por presi\u00f3n, curaci\u00f3n de heridas, control de signos vitales, registro de temperatura, presi\u00f3n arterial, higiene tegumentaria, aseo, ba\u00f1o, arreglo de la cama, limpieza, educaci\u00f3n nutricional (para modificar patrones nutricionales perjudiciales), acompa\u00f1amiento personalizado, involucramiento individual y grupal en juegos l\u00fadicos.<\/p>\n<p><strong>Actividades\u00a0<\/strong><\/p>\n<p>La dedicaci\u00f3n ha permitido que los usuarios reciban un trato con respeto, atenci\u00f3n de calidad y esmerada con el uso de dispositivos digitales para otorgar una salud preventiva y chequeo permanente en el caso de las afecciones comunes.<\/p>\n<p>El prop\u00f3sito es intervenir al 90% de poblaci\u00f3n por medio de t\u00e9cnicas y procedimientos b\u00e1sicos de enfermer\u00eda para mejorar la calidad de vida en los centros gerontol\u00f3gicos, asistenciales y albergues, precis\u00f3 Ver\u00f3nica Castillo, al explicar que se distinguir\u00e1 en el 70% de la poblaci\u00f3n infantil su patr\u00f3n alimentario y c\u00f3mo afecta al crecimiento y desarrollo, dentro de los albergues.<\/p>\n<p>&nbsp;<\/p>\n<p><strong>Trabajo\u00a0<\/strong><\/p>\n<p>Evelyn Villalta, estudiante, asever\u00f3 que se trata de una experiencia enriquecedora; junto con sus compa\u00f1eros cumplen tareas distribuidas en horarios rotativos (07:00 -11:00; 11:00 &#8211; 16:00), debiendo trasladarse a Landangui desde Loja todos los d\u00edas.<\/p>\n<p>Los familiares de los adultos mayores demostraron su gratitud por el desempe\u00f1o acorde a los requerimientos de las personas que habitan en el centro Hogar Estancia de Paz, administrado por la Congregaci\u00f3n de la Religiosas Misioneras Sociales de la Iglesia.<\/p>\n<p>&nbsp;<\/p>\n<p><em>S\u00edguenos #LDMnoticias \u00f3 #lodelmomentolojaLDM<\/em><\/p>\n","protected":false},"excerpt":{"rendered":"<p>Los adultos mayores y la ni\u00f1ez reciben atenci\u00f3n gratuita en salud durante un trimestre, seg\u00fan&#8230;<\/p>\n","protected":false},"author":1,"featured_media":11375,"comment_status":"open","ping_status":"open","sticky":false,"template":"","format":"standard","meta":{"footnotes":""},"categories":[1,5],"tags":[],"class_list":["post-11371","post","type-post","status-publish","format-standard","has-post-thumbnail","hentry","category-inicio","category-loja"],"_links":{"self":[{"href":"https:\/\/www.lodelmomentoloja.com\/index.php?rest_route=\/wp\/v2\/posts\/11371"}],"collection":[{"href":"https:\/\/www.lodelmomentoloja.com\/index.php?rest_route=\/wp\/v2\/posts"}],"about":[{"href":"https:\/\/www.lodelmomentoloja.com\/index.php?rest_route=\/wp\/v2\/types\/post"}],"author":[{"embeddable":true,"href":"https:\/\/www.lodelmomentoloja.com\/index.php?rest_route=\/wp\/v2\/users\/1"}],"replies":[{"embeddable":true,"href":"https:\/\/www.lodelmomentoloja.com\/index.php?rest_route=%2Fwp%2Fv2%2Fcomments&post=11371"}],"version-history":[{"count":2,"href":"https:\/\/www.lodelmomentoloja.com\/index.php?rest_route=\/wp\/v2\/posts\/11371\/revisions"}],"predecessor-version":[{"id":11378,"href":"https:\/\/www.lodelmomentoloja.com\/index.php?rest_route=\/wp\/v2\/posts\/11371\/revisions\/11378"}],"wp:featuredmedia":[{"embeddable":true,"href":"https:\/\/www.lodelmomentoloja.com\/index.php?rest_route=\/wp\/v2\/media\/11375"}],"wp:attachment":[{"href":"https:\/\/www.lodelmomentoloja.com\/index.php?rest_route=%2Fwp%2Fv2%2Fmedia&parent=11371"}],"wp:term":[{"taxonomy":"category","embeddable":true,"href":"https:\/\/www.lodelmomentoloja.com\/index.php?rest_route=%2Fwp%2Fv2%2Fcategories&post=11371"},{"taxonomy":"post_tag","embeddable":true,"href":"https:\/\/www.lodelmomentoloja.com\/index.php?rest_route=%2Fwp%2Fv2%2Ftags&post=11371"}],"curies":[{"name":"wp","href":"https:\/\/api.w.org\/{rel}","templated":true}]}}