{"id":11347,"date":"2022-09-19T08:19:06","date_gmt":"2022-09-19T08:19:06","guid":{"rendered":"https:\/\/www.lodelmomentoloja.com\/?p=11347"},"modified":"2022-09-19T13:21:56","modified_gmt":"2022-09-19T13:21:56","slug":"policia-de-ecuador-coordina-alerta-con-ameripol-en-caso-de-abg-bernal","status":"publish","type":"post","link":"https:\/\/www.lodelmomentoloja.com\/?p=11347","title":{"rendered":"Polic\u00eda de Ecuador coordina alerta con Ameripol en caso de Abg. Bernal"},"content":{"rendered":"<p>#Internacional | La b\u00fasqueda del teniente Germ\u00e1n C\u00e1ceres, esposo de Mar\u00eda Bel\u00e9n Bernal, ya se oficializ\u00f3 internacionalmente.<\/p>\n<p>Polic\u00eda Nacional han realizado gestiones con Ameripol, seg\u00fan inform\u00f3, el comandante de Polic\u00eda, Fausto Salinas. Este organismo integra a todas las Polic\u00edas del continente.<\/p>\n<p>La idea de este cruce de informaci\u00f3n es que los pa\u00edses vecinos como Per\u00fa y Colombia est\u00e9n alertados de la b\u00fasqueda del oficial, quien es el principal sospechoso de la desaparici\u00f3n de la joven abogada.<\/p>\n<p>Adem\u00e1s a nivel Nacional, el comandante Salinas puso a conocimiento que la boleta de captura del sospechoso ya ha sido direccionada a todos los puestos de control en las fronteras del pa\u00eds.<\/p>\n<p>La idea es bloquear el paso en caso de una posible fuga del pa\u00eds. Parte de ese rastreo fue la divulgaci\u00f3n, a nivel nacional, de la foto del oficial y su nombre.<\/p>\n<p>V\u00eda: El Comercio<\/p>\n<p>#LDMnoticias #lodelmomentolojaLDM.<\/p>\n","protected":false},"excerpt":{"rendered":"<p>#Internacional | La b\u00fasqueda del teniente Germ\u00e1n C\u00e1ceres, esposo de Mar\u00eda Bel\u00e9n Bernal, ya se&#8230;<\/p>\n","protected":false},"author":1,"featured_media":11348,"comment_status":"open","ping_status":"open","sticky":false,"template":"","format":"standard","meta":{"footnotes":""},"categories":[7,1],"tags":[],"class_list":["post-11347","post","type-post","status-publish","format-standard","has-post-thumbnail","hentry","category-ecuador","category-inicio"],"_links":{"self":[{"href":"https:\/\/www.lodelmomentoloja.com\/index.php?rest_route=\/wp\/v2\/posts\/11347"}],"collection":[{"href":"https:\/\/www.lodelmomentoloja.com\/index.php?rest_route=\/wp\/v2\/posts"}],"about":[{"href":"https:\/\/www.lodelmomentoloja.com\/index.php?rest_route=\/wp\/v2\/types\/post"}],"author":[{"embeddable":true,"href":"https:\/\/www.lodelmomentoloja.com\/index.php?rest_route=\/wp\/v2\/users\/1"}],"replies":[{"embeddable":true,"href":"https:\/\/www.lodelmomentoloja.com\/index.php?rest_route=%2Fwp%2Fv2%2Fcomments&post=11347"}],"version-history":[{"count":1,"href":"https:\/\/www.lodelmomentoloja.com\/index.php?rest_route=\/wp\/v2\/posts\/11347\/revisions"}],"predecessor-version":[{"id":11349,"href":"https:\/\/www.lodelmomentoloja.com\/index.php?rest_route=\/wp\/v2\/posts\/11347\/revisions\/11349"}],"wp:featuredmedia":[{"embeddable":true,"href":"https:\/\/www.lodelmomentoloja.com\/index.php?rest_route=\/wp\/v2\/media\/11348"}],"wp:attachment":[{"href":"https:\/\/www.lodelmomentoloja.com\/index.php?rest_route=%2Fwp%2Fv2%2Fmedia&parent=11347"}],"wp:term":[{"taxonomy":"category","embeddable":true,"href":"https:\/\/www.lodelmomentoloja.com\/index.php?rest_route=%2Fwp%2Fv2%2Fcategories&post=11347"},{"taxonomy":"post_tag","embeddable":true,"href":"https:\/\/www.lodelmomentoloja.com\/index.php?rest_route=%2Fwp%2Fv2%2Ftags&post=11347"}],"curies":[{"name":"wp","href":"https:\/\/api.w.org\/{rel}","templated":true}]}}