{"id":11341,"date":"2022-09-16T17:10:56","date_gmt":"2022-09-16T17:10:56","guid":{"rendered":"https:\/\/www.lodelmomentoloja.com\/?p=11341"},"modified":"2022-09-16T22:13:13","modified_gmt":"2022-09-16T22:13:13","slug":"concejales-presentan-renuncias-para-participar-el-elecciones-2023","status":"publish","type":"post","link":"https:\/\/www.lodelmomentoloja.com\/?p=11341","title":{"rendered":"Concejales presentan renuncias para participar el elecciones 2023"},"content":{"rendered":"<p>CONCEJALES OFICIALIZAN SUS RENUNCIAS PARA PARTICIPAR EN LAS ELECCIONES DE 2023<\/p>\n<p>En el cant\u00f3n Loja, de los 11 concejales, al menos 7 buscan participar nuevamente en las elecciones.<\/p>\n<p>Se acercan las elecciones seccionales de 2023, pues para ellos, ya son varias las figuras que se han hecho p\u00fablicas, para las diferentes dignidades de elecci\u00f3n popular, con ello tambi\u00e9n se vencen los plazos para que los que deseen postular sus candidaturas.<\/p>\n<p>Seg\u00fan el Art\u00edculo 93 del C\u00f3digo de la Democracia, las autoridades de elecci\u00f3n popular que se postulen para un cargo diferente, deber\u00e1n renunciar al que desempe\u00f1an antes de presentar la solicitud de inscripci\u00f3n de su candidatura. Mientras que los dignatarios que opten por la reelecci\u00f3n inmediata al mismo cargo, deber\u00e1n hacer uso de su licencia sin remuneraci\u00f3n desde el inicio de la campa\u00f1a electoral.<\/p>\n<p>Entre los nombres que sonaron como precandidatos por otra dignidad, son:<br \/>\n&#8211; Dar\u00edo Loja Reyes (prefectura de Loja), quien ya oficializo su renuncia, deja la principalizaci\u00f3n a su alterna Diana Aguilar.<br \/>\n-Karina Gonz\u00e1lez (viceprefectura), alterno Jaime Villavicencio.<br \/>\n-Ligia Rodr\u00edguez Lima (alcald\u00eda de Loja) alterno \u00c1ngel Feij\u00f3o<br \/>\n&#8211; Nixon Granda, (alcald\u00eda de Loja), quien tambi\u00e9n ya oficializo su renuncia, deja a su alterna Ana Lucia Namicela.<\/p>\n<p>Se conoce que, Adalber Gaona Gahona, postular\u00e1 para la reelecci\u00f3n en la concejal\u00eda, por lo cual deber\u00e1 solicitar una licencia sin remuneraci\u00f3n y su reemplazo deber\u00e1 quedar su alterna Carmen Guaya. En el caso de, Santiago Err\u00e1ez Veintimilla, tambi\u00e9n anunci\u00f3 una reelecci\u00f3n.<\/p>\n<p>Cabe destacar que solo hasta el pr\u00f3ximo 20 de septiembre existe el plazo para el per\u00edodo de inscripci\u00f3n de candidaturas, por ello los diferentes ediles empiezan a renunciar y a oficializar sus aspiraciones.<\/p>\n","protected":false},"excerpt":{"rendered":"<p>CONCEJALES OFICIALIZAN SUS RENUNCIAS PARA PARTICIPAR EN LAS ELECCIONES DE 2023 En el cant\u00f3n Loja,&#8230;<\/p>\n","protected":false},"author":1,"featured_media":11342,"comment_status":"open","ping_status":"open","sticky":false,"template":"","format":"standard","meta":{"footnotes":""},"categories":[1,5],"tags":[],"class_list":["post-11341","post","type-post","status-publish","format-standard","has-post-thumbnail","hentry","category-inicio","category-loja"],"_links":{"self":[{"href":"https:\/\/www.lodelmomentoloja.com\/index.php?rest_route=\/wp\/v2\/posts\/11341"}],"collection":[{"href":"https:\/\/www.lodelmomentoloja.com\/index.php?rest_route=\/wp\/v2\/posts"}],"about":[{"href":"https:\/\/www.lodelmomentoloja.com\/index.php?rest_route=\/wp\/v2\/types\/post"}],"author":[{"embeddable":true,"href":"https:\/\/www.lodelmomentoloja.com\/index.php?rest_route=\/wp\/v2\/users\/1"}],"replies":[{"embeddable":true,"href":"https:\/\/www.lodelmomentoloja.com\/index.php?rest_route=%2Fwp%2Fv2%2Fcomments&post=11341"}],"version-history":[{"count":1,"href":"https:\/\/www.lodelmomentoloja.com\/index.php?rest_route=\/wp\/v2\/posts\/11341\/revisions"}],"predecessor-version":[{"id":11343,"href":"https:\/\/www.lodelmomentoloja.com\/index.php?rest_route=\/wp\/v2\/posts\/11341\/revisions\/11343"}],"wp:featuredmedia":[{"embeddable":true,"href":"https:\/\/www.lodelmomentoloja.com\/index.php?rest_route=\/wp\/v2\/media\/11342"}],"wp:attachment":[{"href":"https:\/\/www.lodelmomentoloja.com\/index.php?rest_route=%2Fwp%2Fv2%2Fmedia&parent=11341"}],"wp:term":[{"taxonomy":"category","embeddable":true,"href":"https:\/\/www.lodelmomentoloja.com\/index.php?rest_route=%2Fwp%2Fv2%2Fcategories&post=11341"},{"taxonomy":"post_tag","embeddable":true,"href":"https:\/\/www.lodelmomentoloja.com\/index.php?rest_route=%2Fwp%2Fv2%2Ftags&post=11341"}],"curies":[{"name":"wp","href":"https:\/\/api.w.org\/{rel}","templated":true}]}}